{"id":38048,"date":"2022-09-27T05:36:06","date_gmt":"2022-09-27T03:36:06","guid":{"rendered":"https:\/\/viajandodo.com\/?p=38048"},"modified":"2026-03-17T13:43:09","modified_gmt":"2026-03-17T11:43:09","slug":"se-loger-gran-canaria-enfants","status":"publish","type":"post","link":"https:\/\/viajandodo.com\/fr\/se-loger-gran-canaria-enfants\/","title":{"rendered":"O\u00f9 se loger \u00e0 Gran Canaria avec des enfants, par ZONE"},"content":{"rendered":"\n<figure class=\"wp-block-image aligncenter size-full ocultar\"><img fetchpriority=\"high\" decoding=\"async\" width=\"820\" height=\"312\" src=\"https:\/\/viajandodo.com\/wp-content\/uploads\/2022\/09\/alojarse-en-Gran-Canaria-con-nin\u0303os-PT.jpg\" alt=\"\" class=\"wp-image-28909\" srcset=\"https:\/\/viajandodo.com\/wp-content\/uploads\/2022\/09\/alojarse-en-Gran-Canaria-con-nin\u0303os-PT.jpg 820w, https:\/\/viajandodo.com\/wp-content\/uploads\/2022\/09\/alojarse-en-Gran-Canaria-con-nin\u0303os-PT-300x114.jpg 300w, https:\/\/viajandodo.com\/wp-content\/uploads\/2022\/09\/alojarse-en-Gran-Canaria-con-nin\u0303os-PT-600x228.jpg 600w, https:\/\/viajandodo.com\/wp-content\/uploads\/2022\/09\/alojarse-en-Gran-Canaria-con-nin\u0303os-PT-768x292.jpg 768w, https:\/\/viajandodo.com\/wp-content\/uploads\/2022\/09\/alojarse-en-Gran-Canaria-con-nin\u0303os-PT-360x137.jpg 360w\" sizes=\"(max-width: 820px) 100vw, 820px\" \/><\/figure>\n\n\n\n<hr class=\"wp-block-separator has-alpha-channel-opacity\"\/>\n\n\n\n<p><strong>S\u00e9journer \u00e0 Gran Canaria avec des enfants<\/strong> ne se r\u00e9sume pas \u00e0 trouver un bon h\u00f4tel avec quelques \u00e9quipements adapt\u00e9s. Voyager sur l&rsquo;\u00eele avec de jeunes enfants implique de prendre en compte certains facteurs suppl\u00e9mentaires afin que petits et grands profitent pleinement de ce paradis.<\/p>\n\n\n\n<p>Heureusement, Gran Canaria regorge d&rsquo;<strong>h\u00e9bergements adapt\u00e9s aux familles<\/strong> qui sauront vous s\u00e9duire par leur emplacement, leurs services, leurs \u00e9quipements et bien plus encore. Nous vous pr\u00e9senterons plus loin quelques-unes des options les plus recommand\u00e9es.<\/p>\n\n\n\n<p>D&rsquo;apr\u00e8s notre exp\u00e9rience de <a href=\"https:\/\/www.instagram.com\/viajandodo\/\" target=\"_blank\" rel=\"noreferrer noopener\"><strong>voyage en famille<\/strong><\/a>, choisir un bon h\u00e9bergement est tout aussi important que de choisir le quartier id\u00e9al. Conna\u00eetre les <strong>meilleurs endroits o\u00f9 s\u00e9journer \u00e0 Gran Canaria avec des enfants <\/strong>simplifiera grandement l&rsquo;organisation de votre voyage, qu&rsquo;il s&rsquo;agisse d&rsquo;une escapade de week-end ou de vacances en famille plus longues.<\/p>\n\n\n\n<p>Nous souhaitons donc vous pr\u00e9senter les meilleurs endroits \u00e0 d\u00e9couvrir \u00e0 Gran Canaria ainsi que des h\u00e9bergements parfaits pour les familles.<\/p>\n\n\n\n<p>\u00a1Empezamos!<\/p>\n\n\n\n<hr class=\"wp-block-separator has-alpha-channel-opacity\"\/>\n\n\n\n<div id=\"ez-toc-container\" class=\"ez-toc-v2_0_82_2 counter-hierarchy ez-toc-counter ez-toc-custom ez-toc-container-direction\">\n<div class=\"ez-toc-title-container\">\n<p class=\"ez-toc-title\" style=\"cursor:inherit\">INDICE<\/p>\n<span class=\"ez-toc-title-toggle\"><a href=\"#\" class=\"ez-toc-pull-right ez-toc-btn ez-toc-btn-xs ez-toc-btn-default ez-toc-toggle\" aria-label=\"Toggle Table of Content\"><span class=\"ez-toc-js-icon-con\"><span class=\"\"><span class=\"eztoc-hide\" style=\"display:none;\">Toggle<\/span><span class=\"ez-toc-icon-toggle-span\"><svg style=\"fill: #fd5e29;color:#fd5e29\" xmlns=\"http:\/\/www.w3.org\/2000\/svg\" class=\"list-377408\" width=\"20px\" height=\"20px\" viewBox=\"0 0 24 24\" fill=\"none\"><path d=\"M6 6H4v2h2V6zm14 0H8v2h12V6zM4 11h2v2H4v-2zm16 0H8v2h12v-2zM4 16h2v2H4v-2zm16 0H8v2h12v-2z\" fill=\"currentColor\"><\/path><\/svg><svg style=\"fill: #fd5e29;color:#fd5e29\" class=\"arrow-unsorted-368013\" xmlns=\"http:\/\/www.w3.org\/2000\/svg\" width=\"10px\" height=\"10px\" viewBox=\"0 0 24 24\" version=\"1.2\" baseProfile=\"tiny\"><path d=\"M18.2 9.3l-6.2-6.3-6.2 6.3c-.2.2-.3.4-.3.7s.1.5.3.7c.2.2.4.3.7.3h11c.3 0 .5-.1.7-.3.2-.2.3-.5.3-.7s-.1-.5-.3-.7zM5.8 14.7l6.2 6.3 6.2-6.3c.2-.2.3-.5.3-.7s-.1-.5-.3-.7c-.2-.2-.4-.3-.7-.3h-11c-.3 0-.5.1-.7.3-.2.2-.3.5-.3.7s.1.5.3.7z\"\/><\/svg><\/span><\/span><\/span><\/a><\/span><\/div>\n<nav><ul class='ez-toc-list ez-toc-list-level-1 eztoc-toggle-hide-by-default' ><li class='ez-toc-page-1 ez-toc-heading-level-2'><a class=\"ez-toc-link ez-toc-heading-1\" href=\"https:\/\/viajandodo.com\/fr\/se-loger-gran-canaria-enfants\/#LES_MEILLEURS_ZONES_OU_SEJOURNER_A_GRAN_CANARIA_AVEC_DES_ENFANTS\" >LES MEILLEURS ZONES O\u00d9 S\u00c9JOURNER \u00c0 GRAN CANARIA AVEC DES ENFANTS<\/a><ul class='ez-toc-list-level-3' ><li class='ez-toc-heading-level-3'><a class=\"ez-toc-link ez-toc-heading-2\" href=\"https:\/\/viajandodo.com\/fr\/se-loger-gran-canaria-enfants\/#Las_Palmas_de_Gran_Canaria_y_ses_plages\" >Las Palmas de Gran Canaria y ses plages<\/a><\/li><li class='ez-toc-page-1 ez-toc-heading-level-3'><a class=\"ez-toc-link ez-toc-heading-3\" href=\"https:\/\/viajandodo.com\/fr\/se-loger-gran-canaria-enfants\/#Monuments\" >Monuments:<\/a><\/li><li class='ez-toc-page-1 ez-toc-heading-level-3'><a class=\"ez-toc-link ez-toc-heading-4\" href=\"https:\/\/viajandodo.com\/fr\/se-loger-gran-canaria-enfants\/#Activites_pour_les_Familles\" >Activit\u00e9s pour les Familles:<\/a><\/li><li class='ez-toc-page-1 ez-toc-heading-level-3'><a class=\"ez-toc-link ez-toc-heading-5\" href=\"https:\/\/viajandodo.com\/fr\/se-loger-gran-canaria-enfants\/#Maspalomas\" >Maspalomas<\/a><\/li><li class='ez-toc-page-1 ez-toc-heading-level-3'><a class=\"ez-toc-link ez-toc-heading-6\" href=\"https:\/\/viajandodo.com\/fr\/se-loger-gran-canaria-enfants\/#Puerto_Rico\" >Puerto Rico<\/a><\/li><li class='ez-toc-page-1 ez-toc-heading-level-3'><a class=\"ez-toc-link ez-toc-heading-7\" href=\"https:\/\/viajandodo.com\/fr\/se-loger-gran-canaria-enfants\/#San_Agustin\" >San Agust\u00edn<\/a><\/li><li class='ez-toc-page-1 ez-toc-heading-level-3'><a class=\"ez-toc-link ez-toc-heading-8\" href=\"https:\/\/viajandodo.com\/fr\/se-loger-gran-canaria-enfants\/#Puerto_de_Mogan\" >Puerto de Mog\u00e1n<\/a><\/li><\/ul><\/li><li class='ez-toc-page-1 ez-toc-heading-level-2'><a class=\"ez-toc-link ez-toc-heading-9\" href=\"https:\/\/viajandodo.com\/fr\/se-loger-gran-canaria-enfants\/#RECOMMANDATIONS_DHEBERGEMENT_A_GRAN_CANARIA_AVEC_ENFANTS\" >RECOMMANDATIONS D&rsquo;H\u00c9BERGEMENT \u00c0 GRAN CANARIA AVEC ENFANTS<\/a><ul class='ez-toc-list-level-3' ><li class='ez-toc-heading-level-3'><a class=\"ez-toc-link ez-toc-heading-10\" href=\"https:\/\/viajandodo.com\/fr\/se-loger-gran-canaria-enfants\/#Appartements_LIVVO_Puerto_de_Mogan\" >Appartements LIVVO Puerto de Mog\u00e1n<\/a><\/li><li class='ez-toc-page-1 ez-toc-heading-level-3'><a class=\"ez-toc-link ez-toc-heading-11\" href=\"https:\/\/viajandodo.com\/fr\/se-loger-gran-canaria-enfants\/#Anfi_del_Mar\" >Anfi del Mar<\/a><\/li><li class='ez-toc-page-1 ez-toc-heading-level-3'><a class=\"ez-toc-link ez-toc-heading-12\" href=\"https:\/\/viajandodo.com\/fr\/se-loger-gran-canaria-enfants\/#Anfi_del_Mar_2\" >Anfi del Mar 2<\/a><\/li><li class='ez-toc-page-1 ez-toc-heading-level-3'><a class=\"ez-toc-link ez-toc-heading-13\" href=\"https:\/\/viajandodo.com\/fr\/se-loger-gran-canaria-enfants\/#Appartements_Cordial_Mogan_Valle\" >Appartements Cordial Mog\u00e1n Valle<\/a><\/li><li class='ez-toc-page-1 ez-toc-heading-level-3'><a class=\"ez-toc-link ez-toc-heading-14\" href=\"https:\/\/viajandodo.com\/fr\/se-loger-gran-canaria-enfants\/#Gran_Tauro_Villa\" >Gran Tauro Villa<\/a><\/li><\/ul><\/li><li class='ez-toc-page-1 ez-toc-heading-level-2'><a class=\"ez-toc-link ez-toc-heading-15\" href=\"https:\/\/viajandodo.com\/fr\/se-loger-gran-canaria-enfants\/#MEILLEURS_RESORTS_OU_DORMIR_AU_GRANDE_CANARIE_AVEC_DES_ENFANTS\" >MEILLEURS RESORTS O\u00d9 DORMIR AU GRANDE CANARIE AVEC DES ENFANTS<\/a><ul class='ez-toc-list-level-3' ><li class='ez-toc-heading-level-3'><a class=\"ez-toc-link ez-toc-heading-16\" href=\"https:\/\/viajandodo.com\/fr\/se-loger-gran-canaria-enfants\/#Lopesan_Baobab_Resort\" >Lopesan Baobab Resort<\/a><\/li><li class='ez-toc-page-1 ez-toc-heading-level-3'><a class=\"ez-toc-link ez-toc-heading-17\" href=\"https:\/\/viajandodo.com\/fr\/se-loger-gran-canaria-enfants\/#Gloria_Palace_Amadores_Thalasso_Hotel\" >Gloria Palace Amadores Thalasso &amp; Hotel<\/a><\/li><li class='ez-toc-page-1 ez-toc-heading-level-3'><a class=\"ez-toc-link ez-toc-heading-18\" href=\"https:\/\/viajandodo.com\/fr\/se-loger-gran-canaria-enfants\/#Abora_Interclub_Atlantic_by_Lopesan_Hotels\" >Abora Interclub Atlantic by Lopesan Hotels<\/a><\/li><li class='ez-toc-page-1 ez-toc-heading-level-3'><a class=\"ez-toc-link ez-toc-heading-19\" href=\"https:\/\/viajandodo.com\/fr\/se-loger-gran-canaria-enfants\/#Hotel_Riu_Gran_Canaria\" >Hotel Riu Gran Canaria<\/a><\/li><li class='ez-toc-page-1 ez-toc-heading-level-3'><a class=\"ez-toc-link ez-toc-heading-20\" href=\"https:\/\/viajandodo.com\/fr\/se-loger-gran-canaria-enfants\/#Hotel_Cordial_Mogan\" >Hotel Cordial Mog\u00e1n<\/a><\/li><li class='ez-toc-page-1 ez-toc-heading-level-3'><a class=\"ez-toc-link ez-toc-heading-21\" href=\"https:\/\/viajandodo.com\/fr\/se-loger-gran-canaria-enfants\/#HD_Parque_Cristobal_Gran_Canaria\" >HD Parque Cristobal Gran Canaria<\/a><\/li><\/ul><\/li><li class='ez-toc-page-1 ez-toc-heading-level-2'><a class=\"ez-toc-link ez-toc-heading-22\" href=\"https:\/\/viajandodo.com\/fr\/se-loger-gran-canaria-enfants\/#CARTE_INTERACTIVE_POUR_SEJOURNER_AVEC_DES_ENFANTS_A_GRANDE_CANARIE\" >CARTE INTERACTIVE POUR S\u00c9JOURNER AVEC DES ENFANTS \u00c0 GRANDE CANARIE<\/a><\/li><\/ul><\/nav><\/div>\n<h2 class=\"wp-block-heading has-text-align-center\"><span class=\"ez-toc-section\" id=\"LES_MEILLEURS_ZONES_OU_SEJOURNER_A_GRAN_CANARIA_AVEC_DES_ENFANTS\"><\/span><strong>LES MEILLEURS ZONES O\u00d9 S\u00c9JOURNER \u00c0 GRAN CANARIA AVEC DES ENFANTS<\/strong><span class=\"ez-toc-section-end\"><\/span><\/h2>\n\n\n\n<div style=\"height:40px\" aria-hidden=\"true\" class=\"wp-block-spacer\"><\/div>\n\n\n\n<p><strong>L&rsquo;\u00eele de Gran Canaria<\/strong> offre une beaut\u00e9 naturelle \u00e9poustouflante, rare en Europe. La diversit\u00e9 des \u00e9cosyst\u00e8mes \u00e0 d\u00e9couvrir sur un seul territoire est \u00e0 couper le souffle&nbsp;: son littoral \u00e9tendu, ses dunes, ses montagnes et m\u00eame ses volcans constituent ses principaux atouts.<\/p>\n\n\n\n<p>\u00c0 cela s&rsquo;ajoute la possibilit\u00e9 de <strong>pratiquer d&rsquo;innombrables activit\u00e9s nautiques, de parcourir des sentiers de randonn\u00e9e et de d\u00e9couvrir de charmants villages<\/strong>, faisant de Gran Canaria l&rsquo;\u00eele id\u00e9ale pour des vacances en famille ou entre amis. Alors, d\u00e9couvrez les meilleurs endroits de Gran Canaria pour que les enfants s&rsquo;amusent comme des fous&nbsp;!<\/p>\n\n\n\n<div style=\"height:50px\" aria-hidden=\"true\" class=\"wp-block-spacer\"><\/div>\n\n\n\n<h3 class=\"wp-block-heading has-text-align-center\"><span class=\"ez-toc-section\" id=\"Las_Palmas_de_Gran_Canaria_y_ses_plages\"><\/span><strong>Las Palmas de Gran Canaria y ses plages<\/strong><span class=\"ez-toc-section-end\"><\/span><\/h3>\n\n\n\n<div style=\"height:30px\" aria-hidden=\"true\" class=\"wp-block-spacer\"><\/div>\n\n\n\n<figure class=\"wp-block-image aligncenter size-full is-resized\"><img decoding=\"async\" width=\"1080\" height=\"1080\" src=\"https:\/\/viajandodo.com\/wp-content\/uploads\/2022\/09\/alojarse-en-Gran-Canaria-con-nin\u0303os-mapa-PGC.png\" alt=\"\" class=\"wp-image-28927\" style=\"width:320px;height:auto\" srcset=\"https:\/\/viajandodo.com\/wp-content\/uploads\/2022\/09\/alojarse-en-Gran-Canaria-con-nin\u0303os-mapa-PGC.png 1080w, https:\/\/viajandodo.com\/wp-content\/uploads\/2022\/09\/alojarse-en-Gran-Canaria-con-nin\u0303os-mapa-PGC-300x300.png 300w, https:\/\/viajandodo.com\/wp-content\/uploads\/2022\/09\/alojarse-en-Gran-Canaria-con-nin\u0303os-mapa-PGC-100x100.png 100w, https:\/\/viajandodo.com\/wp-content\/uploads\/2022\/09\/alojarse-en-Gran-Canaria-con-nin\u0303os-mapa-PGC-600x600.png 600w, https:\/\/viajandodo.com\/wp-content\/uploads\/2022\/09\/alojarse-en-Gran-Canaria-con-nin\u0303os-mapa-PGC-768x768.png 768w, https:\/\/viajandodo.com\/wp-content\/uploads\/2022\/09\/alojarse-en-Gran-Canaria-con-nin\u0303os-mapa-PGC-186x186.png 186w\" sizes=\"(max-width: 1080px) 100vw, 1080px\" \/><\/figure>\n\n\n\n<div style=\"height:30px\" aria-hidden=\"true\" class=\"wp-block-spacer\"><\/div>\n\n\n\n<p>C&rsquo;est l&rsquo;un des <strong>meilleurs endroits o\u00f9 s\u00e9journer \u00e0 Gran Canaria avec des enfants,<\/strong> car il offre un large \u00e9ventail d&rsquo;activit\u00e9s pour tous les go\u00fbts. Capitale de l&rsquo;\u00eele, elle b\u00e9n\u00e9ficie d&rsquo;une situation id\u00e9ale, <strong>\u00e0 seulement 18 km de l&rsquo;a\u00e9roport principal.<\/strong><\/p>\n\n\n\n<p>L&rsquo;un des principaux atouts de Las Palmas de Gran Canaria r\u00e9side dans ses <strong>magnifiques plages et ses excellents services pour les familles.<\/strong> De nombreuses plages sont id\u00e9ales pour les enfants, comme <strong>Playa del <\/strong>Confital, Playa de La Laja et Playa de Las Alcaravaneras.<\/p>\n\n\n\n<p>Mais sans aucun doute, <strong>Playa de Las Canteras<\/strong> est l&rsquo;une des plages les plus recommand\u00e9es pour les familles avec de jeunes enfants. Cette superbe plage de sable dor\u00e9 s&rsquo;\u00e9tend sur 3 km et se situe en plein c\u0153ur de la ville.<\/p>\n\n\n\n<p>Ouverte 365 jours par an, cette plage Pavillon Bleu offre toutes les commodit\u00e9s pour que toute la famille puisse passer un excellent moment. On y trouve des ma\u00eetres-nageurs sauveteurs, des zones de baignade adapt\u00e9es aux personnes \u00e0 mobilit\u00e9 r\u00e9duite, des rampes d&rsquo;acc\u00e8s et des aires de jeux o\u00f9 les enfants peuvent s&rsquo;amuser en toute libert\u00e9.<\/p>\n\n\n\n<p>La plage de Las Canteras se distingue par sa <strong>barri\u00e8re naturelle qui la prot\u00e8ge des vagues et la divise en deux parties,<\/strong> chacune offrant un charme particulier.<\/p>\n\n\n\n<p>D&rsquo;un c\u00f4t\u00e9, cette barri\u00e8re cr\u00e9e des vagues tr\u00e8s calmes, transformant la plage en un grand aquarium s\u00e9curis\u00e9, id\u00e9al pour les jeunes enfants. Cette partie de la plage est parfaite pour des activit\u00e9s comme <strong>le snorkeling<\/strong>, o\u00f9 m\u00eame les enfants accompagn\u00e9s de leurs parents peuvent s&rsquo;\u00e9merveiller devant l&rsquo;incroyable monde sous-marin de Gran Canaria.<\/p>\n\n\n\n<p>L&rsquo;autre c\u00f4t\u00e9 de la plage de Las Canteras, non prot\u00e9g\u00e9 par cette barri\u00e8re naturelle \u2013 l&rsquo;extr\u00e9mit\u00e9 ouest \u2013, pr\u00e9sente des vagues plus fortes, offrant des conditions id\u00e9ales pour le <strong>surf et autres sports nautiques pour adultes<\/strong>. Des concerts sont \u00e9galement organis\u00e9s tous les samedis apr\u00e8s-midi sur cette plage et d&rsquo;autres plages de Las Palmas de Gran Canaria.<\/p>\n\n\n\n<div style=\"height:50px\" aria-hidden=\"true\" class=\"wp-block-spacer\"><\/div>\n\n\n\n<h3 class=\"wp-block-heading\"><span class=\"ez-toc-section\" id=\"Monuments\"><\/span><strong>Monuments:<\/strong><span class=\"ez-toc-section-end\"><\/span><\/h3>\n\n\n\n<div style=\"height:40px\" aria-hidden=\"true\" class=\"wp-block-spacer\"><\/div>\n\n\n\n<ul class=\"wp-block-list\">\n<li><strong>Catedral de Santa Ana<\/strong><\/li>\n\n\n\n<li><strong>Vegueta (Barrio Hist\u00f3rico)<\/strong><\/li>\n\n\n\n<li><strong>Casa de Col\u00f3n<\/strong><\/li>\n\n\n\n<li><strong>Castillo de la Luz<\/strong><\/li>\n\n\n\n<li><strong>Plaza de Santa Ana<\/strong><\/li>\n\n\n\n<li><strong>Museo Canario<\/strong><\/li>\n\n\n\n<li><strong>Castillo de San Crist\u00f3bal<\/strong><\/li>\n\n\n\n<li><strong>Teatro P\u00e9rez Gald\u00f3s<\/strong><\/li>\n\n\n\n<li><strong>Iglesia de San Juan Bautista<\/strong><\/li>\n\n\n\n<li><strong>La Catedral de la Playa de Las Canteras<\/strong><\/li>\n<\/ul>\n\n\n\n<div style=\"height:50px\" aria-hidden=\"true\" class=\"wp-block-spacer\"><\/div>\n\n\n\n<h3 class=\"wp-block-heading\"><span class=\"ez-toc-section\" id=\"Activites_pour_les_Familles\"><\/span><strong>Activit\u00e9s pour les Familles:<\/strong><span class=\"ez-toc-section-end\"><\/span><\/h3>\n\n\n\n<div style=\"height:40px\" aria-hidden=\"true\" class=\"wp-block-spacer\"><\/div>\n\n\n\n<ul class=\"wp-block-list\">\n<li><strong>Playa de Las Canteras<\/strong><\/li>\n\n\n\n<li><strong>Paseo en barco (avistamiento de delfines y ballenas)<\/strong><\/li>\n\n\n\n<li><strong>Parque de Santa Catalina<\/strong><\/li>\n\n\n\n<li><strong>Acuario Poema del Mar<\/strong><\/li>\n\n\n\n<li><strong>Jard\u00edn Bot\u00e1nico Viera y Clavijo<\/strong><\/li>\n\n\n\n<li><strong>Parque de las Rehoyas<\/strong><\/li>\n\n\n\n<li><strong>Excursi\u00f3n en tranv\u00eda tur\u00edstico<\/strong><\/li>\n\n\n\n<li><strong>Museo Elder de la Ciencia y la Tecnolog\u00eda<\/strong><\/li>\n\n\n\n<li><strong>Zona de juegos en la Playa de las Alcarrazas<\/strong><\/li>\n\n\n\n<li><strong>Subir al Pico de Bandama<\/strong><\/li>\n<\/ul>\n\n\n\n<div style=\"height:50px\" aria-hidden=\"true\" class=\"wp-block-spacer\"><\/div>\n\n\n\n<ul class=\"wp-block-list has-medium-font-size\">\n<li><strong>D\u00e9couvrez les meilleurs h\u00f4tels de Las Palmas de Gran Canaria pour les familles avec enfants <a href=\"https:\/\/www.booking.com\/searchresults.fr.html?city=-388528&amp;nflt=ht_id%253D204&amp;aid=1651010&amp;no_rooms=1&amp;group_adults=2&amp;group_children=2&amp;room1=A\" target=\"_blank\" rel=\"noreferrer noopener\">ICI<\/a><\/strong><\/li>\n<\/ul>\n\n\n\n<div style=\"height:30px\" aria-hidden=\"true\" class=\"wp-block-spacer\"><\/div>\n\n\n\n<ul class=\"wp-block-list has-medium-font-size\">\n<li class=\"has-medium-font-size\"><strong>Appartements enti\u00e8rement \u00e9quip\u00e9s pour familles \u00e0 Las Palmas de GC <a href=\"https:\/\/www.booking.com\/searchresults.es.html?city=-388528&amp;nflt=ht_id%253D201&amp;aid=1651009&amp;no_rooms=1&amp;group_adults=2&amp;group_children=2&amp;room1=A%2CA%2C0%2C0\" target=\"_blank\" rel=\"noreferrer noopener\">I<\/a><a href=\"https:\/\/www.booking.com\/searchresults.fr.html?city=-388528&amp;nflt=ht_id%253D201&amp;aid=1651010&amp;no_rooms=1&amp;group_adults=2&amp;group_children=2&amp;room1=A\" target=\"_blank\" rel=\"noreferrer noopener\">CI<\/a><\/strong><\/li>\n<\/ul>\n\n\n\n<div style=\"height:50px\" aria-hidden=\"true\" class=\"wp-block-spacer\"><\/div>\n\n\n\n<figure class=\"wp-block-image aligncenter size-full\"><img decoding=\"async\" width=\"1080\" height=\"1350\" src=\"https:\/\/viajandodo.com\/wp-content\/uploads\/2022\/09\/alojarse-en-Gran-Canaria-con-nin\u0303os-zona-Las-Palmas.jpg\" alt=\"\" class=\"wp-image-28912\" srcset=\"https:\/\/viajandodo.com\/wp-content\/uploads\/2022\/09\/alojarse-en-Gran-Canaria-con-nin\u0303os-zona-Las-Palmas.jpg 1080w, https:\/\/viajandodo.com\/wp-content\/uploads\/2022\/09\/alojarse-en-Gran-Canaria-con-nin\u0303os-zona-Las-Palmas-300x375.jpg 300w, https:\/\/viajandodo.com\/wp-content\/uploads\/2022\/09\/alojarse-en-Gran-Canaria-con-nin\u0303os-zona-Las-Palmas-600x750.jpg 600w, https:\/\/viajandodo.com\/wp-content\/uploads\/2022\/09\/alojarse-en-Gran-Canaria-con-nin\u0303os-zona-Las-Palmas-768x960.jpg 768w, https:\/\/viajandodo.com\/wp-content\/uploads\/2022\/09\/alojarse-en-Gran-Canaria-con-nin\u0303os-zona-Las-Palmas-149x186.jpg 149w\" sizes=\"(max-width: 1080px) 100vw, 1080px\" \/><\/figure>\n\n\n\n<div style=\"height:70px\" aria-hidden=\"true\" class=\"wp-block-spacer\"><\/div>\n\n\n\n<p>Nous consid\u00e9rons \u00e9galement Las Palmas de Gran Canaria comme l&rsquo;un des meilleurs endroits <strong>o\u00f9 s\u00e9journer \u00e0 Gran Canaria avec des enfants<\/strong>, gr\u00e2ce \u00e0 ses nombreuses attractions touristiques adapt\u00e9es aux plus jeunes. Parmi les plus recommand\u00e9es figure l&rsquo;immense <strong><a href=\"https:\/\/www.civitatis.com\/es\/las-palmas-de-gran-canaria\/entrada-acuario-poema-mar\/?aid=11976\">aquarium Poema del Mar<\/a><\/strong>.<\/p>\n\n\n\n<p>Cet aquarium ultramoderne abrite pas moins de 350 esp\u00e8ces marines que petits et grands peuvent observer de pr\u00e8s. <strong>Bien plus qu&rsquo;un simple aquarium, c&rsquo;est un centre de conservation<\/strong> qui refl\u00e8te la riche biodiversit\u00e9 marine de l&rsquo;\u00eele. La visite de l&rsquo;aquarium permet de sensibiliser les visiteurs \u00e0 l&rsquo;importance de la protection de ces esp\u00e8ces aquatiques. Chacun, et en particulier les enfants, passera un excellent moment dans ce lieu, qui propose \u00e9galement des r\u00e9ductions int\u00e9ressantes pour les enfants.<\/p>\n\n\n\n<p>Les installations de l&rsquo;aquarium Poema del Mar sont organis\u00e9es en trois \u00e9cosyst\u00e8mes distincts&nbsp;: les esp\u00e8ces d&rsquo;eau douce, les \u00e9cosyst\u00e8mes marins de surface et les \u00e9cosyst\u00e8mes des grands fonds.<\/p>\n\n\n\n<p>\u00c0 l&rsquo;int\u00e9rieur de l&rsquo;aquarium, vous pourrez admirer la plus grande baie vitr\u00e9e incurv\u00e9e du monde et un espace th\u00e9matique o\u00f9 vous pourrez observer le \u00ab&nbsp;poisson-homme&nbsp;\u00bb. Cette esp\u00e8ce marine unique et tr\u00e8s vuln\u00e9rable vit dans les grottes de Croatie et de Slov\u00e9nie. Son nom provient de la ressemblance de certaines parties de son anatomie avec celles de l&rsquo;homme, et elle peut survivre jusqu&rsquo;\u00e0 quatre ans sans se nourrir. L&rsquo;aquarium a recr\u00e9\u00e9 un \u00e9cosyst\u00e8me id\u00e9al pour que cette esp\u00e8ce se sente chez elle et puisse assurer sa survie.<\/p>\n\n\n\n<div style=\"height:40px\" aria-hidden=\"true\" class=\"wp-block-spacer\"><\/div>\n\n\n\n<p class=\"has-text-align-center has-background\" style=\"background-color:#e3f7ff\"><strong>Attention&nbsp;: cette attraction est tr\u00e8s populaire sur l\u2019\u00eele et, compte tenu de l\u2019affluence, nous vous recommandons d\u2019acheter votre billet \u00e0 l\u2019avance. Vous pouvez le faire ci-dessous.<\/strong><\/p>\n\n\n\n<div style=\"height:40px\" aria-hidden=\"true\" class=\"wp-block-spacer\"><\/div>\n\n\n\n<figure class=\"wp-block-image aligncenter size-full\"><img loading=\"lazy\" decoding=\"async\" width=\"820\" height=\"312\" src=\"https:\/\/viajandodo.com\/wp-content\/uploads\/2022\/09\/alojarse-en-Gran-Canaria-con-nin\u0303os-Acuario-Poema-del-Mar.jpg\" alt=\"\" class=\"wp-image-28913\" srcset=\"https:\/\/viajandodo.com\/wp-content\/uploads\/2022\/09\/alojarse-en-Gran-Canaria-con-nin\u0303os-Acuario-Poema-del-Mar.jpg 820w, https:\/\/viajandodo.com\/wp-content\/uploads\/2022\/09\/alojarse-en-Gran-Canaria-con-nin\u0303os-Acuario-Poema-del-Mar-300x114.jpg 300w, https:\/\/viajandodo.com\/wp-content\/uploads\/2022\/09\/alojarse-en-Gran-Canaria-con-nin\u0303os-Acuario-Poema-del-Mar-600x228.jpg 600w, https:\/\/viajandodo.com\/wp-content\/uploads\/2022\/09\/alojarse-en-Gran-Canaria-con-nin\u0303os-Acuario-Poema-del-Mar-768x292.jpg 768w, https:\/\/viajandodo.com\/wp-content\/uploads\/2022\/09\/alojarse-en-Gran-Canaria-con-nin\u0303os-Acuario-Poema-del-Mar-360x137.jpg 360w\" sizes=\"(max-width: 820px) 100vw, 820px\" \/><\/figure>\n\n\n\n<div style=\"height:60px\" aria-hidden=\"true\" class=\"wp-block-spacer\"><\/div>\n\n\n\n<ul class=\"wp-block-list has-medium-font-size\">\n<li><strong>Votre entr\u00e9e \u00e0 l&rsquo;aquarium Poema del Mar sin colas <\/strong><a href=\"https:\/\/www.civitatis.com\/es\/las-palmas-de-gran-canaria\/entrada-acuario-poema-mar\/?aid=11976\" target=\"_blank\" rel=\"noreferrer noopener\"><strong>ICI<\/strong><\/a><\/li>\n<\/ul>\n\n\n\n<div style=\"height:20px\" aria-hidden=\"true\" class=\"wp-block-spacer\"><\/div>\n\n\n\n<ul class=\"wp-block-list has-medium-font-size\">\n<li><strong>Tour gratuit en fran\u00e7ais \u00e0 Las Palmas de Gran Canaria <a href=\"https:\/\/www.civitatis.com\/es\/las-palmas-de-gran-canaria\/?maxPrice=0\/?aid=11976\" target=\"_blank\" rel=\"noreferrer noopener\">ICI<\/a><\/strong><\/li>\n<\/ul>\n\n\n\n<div style=\"height:20px\" aria-hidden=\"true\" class=\"wp-block-spacer\"><\/div>\n\n\n\n<ul class=\"wp-block-list has-medium-font-size\">\n<li><strong>Toutes les activit\u00e9s \u00e0 Las Palmas de Gran Canaria <a href=\"https:\/\/www.civitatis.com\/es\/las-palmas-de-gran-canaria\/?aid=11976\" target=\"_blank\" rel=\"noreferrer noopener\">ICI<\/a><\/strong><\/li>\n<\/ul>\n\n\n\n<div style=\"height:20px\" aria-hidden=\"true\" class=\"wp-block-spacer\"><\/div>\n\n\n\n<ul class=\"wp-block-list has-medium-font-size\">\n<li><strong>Logement familiaux \u00e0 Gran Canaria <a href=\"https:\/\/www.booking.com\/searchresults.fr.html?city=-388528&amp;aid=1651010&amp;no_rooms=1&amp;group_adults=2&amp;group_children=2&amp;room1=A\" target=\"_blank\" rel=\"noreferrer noopener\">ICI<\/a><\/strong><\/li>\n<\/ul>\n\n\n\n<div style=\"height:20px\" aria-hidden=\"true\" class=\"wp-block-spacer\"><\/div>\n\n\n\n<ul class=\"wp-block-list has-medium-font-size\">\n<li><strong>Vols pas cher pour Gran Canaria <a href=\"https:\/\/clk.tradedoubler.com\/click?p=15407&amp;a=3092965\" target=\"_blank\" rel=\"noreferrer noopener\">ICI<\/a><\/strong><\/li>\n<\/ul>\n\n\n\n<div style=\"height:20px\" aria-hidden=\"true\" class=\"wp-block-spacer\"><\/div>\n\n\n\n<ul class=\"wp-block-list has-medium-font-size\">\n<li><strong>Louez votre voiture familiale \u00e0 Gran Canaria <a href=\"https:\/\/clk.tradedoubler.com\/click?p=74391&amp;a=3092965\" target=\"_blank\" rel=\"noreferrer noopener\">AQUI<\/a><\/strong><\/li>\n<\/ul>\n\n\n\n<div style=\"height:60px\" aria-hidden=\"true\" class=\"wp-block-spacer\"><\/div>\n\n\n\n<hr class=\"wp-block-separator has-alpha-channel-opacity is-style-dots\"\/>\n\n\n\n<h3 class=\"wp-block-heading has-text-align-center\"><span class=\"ez-toc-section\" id=\"Maspalomas\"><\/span><strong>Maspalomas<\/strong><span class=\"ez-toc-section-end\"><\/span><\/h3>\n\n\n\n<div style=\"height:30px\" aria-hidden=\"true\" class=\"wp-block-spacer\"><\/div>\n\n\n\n<figure class=\"wp-block-image aligncenter size-full is-resized\"><img loading=\"lazy\" decoding=\"async\" width=\"1080\" height=\"1080\" src=\"https:\/\/viajandodo.com\/wp-content\/uploads\/2022\/09\/alojarse-en-Gran-Canaria-con-nin\u0303os-Maspalomas.png\" alt=\"\" class=\"wp-image-28920\" style=\"width:338px;height:auto\" srcset=\"https:\/\/viajandodo.com\/wp-content\/uploads\/2022\/09\/alojarse-en-Gran-Canaria-con-nin\u0303os-Maspalomas.png 1080w, https:\/\/viajandodo.com\/wp-content\/uploads\/2022\/09\/alojarse-en-Gran-Canaria-con-nin\u0303os-Maspalomas-300x300.png 300w, https:\/\/viajandodo.com\/wp-content\/uploads\/2022\/09\/alojarse-en-Gran-Canaria-con-nin\u0303os-Maspalomas-100x100.png 100w, https:\/\/viajandodo.com\/wp-content\/uploads\/2022\/09\/alojarse-en-Gran-Canaria-con-nin\u0303os-Maspalomas-600x600.png 600w, https:\/\/viajandodo.com\/wp-content\/uploads\/2022\/09\/alojarse-en-Gran-Canaria-con-nin\u0303os-Maspalomas-768x768.png 768w, https:\/\/viajandodo.com\/wp-content\/uploads\/2022\/09\/alojarse-en-Gran-Canaria-con-nin\u0303os-Maspalomas-186x186.png 186w\" sizes=\"(max-width: 1080px) 100vw, 1080px\" \/><\/figure>\n\n\n\n<div style=\"height:30px\" aria-hidden=\"true\" class=\"wp-block-spacer\"><\/div>\n\n\n\n<p>Maspalomas est un autre lieu id\u00e9al pour <strong>s\u00e9journer en famille \u00e0 Gran Canaria<\/strong>, gr\u00e2ce \u00e0 ses sites naturels exceptionnels. Parmi eux, <strong>la R\u00e9serve Naturelle Sp\u00e9ciale des Dunes<\/strong> offre la possibilit\u00e9 de faire une incroyable balade \u00e0 dos de chameau \u00e0 travers les dunes ou tout simplement de se d\u00e9tendre sur le sable et d&rsquo;admirer le paysage.<\/p>\n\n\n\n<p><strong>Les dunes et les plages de Maspalomas<\/strong> en font l&rsquo;une des destinations touristiques les plus pris\u00e9es de l&rsquo;\u00eele. Une excursion en 4&#215;4 dans le d\u00e9sert est une activit\u00e9 id\u00e9ale pour les enfants. Les adultes peuvent \u00e9galement s&rsquo;adonner \u00e0 d&rsquo;autres activit\u00e9s sportives, comme le golf sur de vastes parcours.<\/p>\n\n\n\n<p>Les plages de Maspalomas contribuent \u00e9galement \u00e0 l&rsquo;attrait de la r\u00e9gion, avec des eaux aux vagues mod\u00e9r\u00e9es et d&rsquo;autres propices aux sports nautiques. <strong>La plage de Maspalomas et Playa del Ingl\u00e9s<\/strong> sont deux des plages les plus recommand\u00e9es aux familles.<\/p>\n\n\n\n<p>Tout comme Las Palmas de Gran Canaria, Maspalomas propose une grande vari\u00e9t\u00e9 d&rsquo;attractions et de parcs \u00e0 th\u00e8me, ce qui en fait un choix encore plus judicieux pour <strong>s\u00e9journer en famille \u00e0 Gran Canaria<\/strong>.<\/p>\n\n\n\n<p>Pour une journ\u00e9e inoubliable en famille, visitez <strong><a href=\"https:\/\/www.civitatis.com\/es\/maspalomas\/entrada-aqualand-maspalomas\/?aid=11976\" type=\"link\" id=\"https:\/\/www.civitatis.com\/es\/maspalomas\/entrada-aqualand-maspalomas\/?aid=11976\">Aqualand Maspalomas<\/a><\/strong>, actuellement le plus grand parc aquatique, divis\u00e9 en quatre zones. Le parc propose plus de 18 attractions pour petits et grands.<\/p>\n\n\n\n<p>Par ailleurs, <strong><a href=\"https:\/\/www.civitatis.com\/es\/maspalomas\/entrada-holiday-world-maspalomas\/?aid=11976\">Holiday World<\/a><\/strong> est un parc d&rsquo;attractions qui ravira les enfants. Ils pourront y faire un tour sur ses montagnes russes vertigineuses, l&rsquo;Octopus, les autos tamponneuses et bien d&rsquo;autres attractions. L&rsquo;entr\u00e9e est tr\u00e8s abordable&nbsp;! De plus, ce parc propose de magnifiques <strong><a href=\"https:\/\/www.civitatis.com\/es\/maspalomas\/?aid=11976\" target=\"_blank\" rel=\"noreferrer noopener\">promenades en bateau et de nombreuses autres activit\u00e9s pour les enfants.<\/a><\/strong><\/p>\n\n\n\n<div style=\"height:40px\" aria-hidden=\"true\" class=\"wp-block-spacer\"><\/div>\n\n\n\n<ul class=\"wp-block-list has-medium-font-size\">\n<li><strong>D\u00e9couvrez les meilleurs h\u00f4tels familiaux en Maspalomas <a href=\"https:\/\/www.booking.com\/searchresults.fr.html?city=-391429&amp;nflt=ht_id%253D204&amp;aid=1651010&amp;no_rooms=1&amp;group_adults=2&amp;group_children=2&amp;room1=A\" target=\"_blank\" rel=\"noreferrer noopener\">AQUI<\/a><\/strong><\/li>\n<\/ul>\n\n\n\n<div style=\"height:40px\" aria-hidden=\"true\" class=\"wp-block-spacer\"><\/div>\n\n\n\n<ul class=\"wp-block-list has-medium-font-size\">\n<li><strong>Appartements familiaux \u00e9quip\u00e9s \u00e0 Maspalomas <a href=\"https:\/\/www.booking.com\/searchresults.fr.html?city=-391429&amp;nflt=ht_id%253D201&amp;aid=1651010&amp;no_rooms=1&amp;group_adults=2&amp;group_children=2&amp;room1=A\" target=\"_blank\" rel=\"noreferrer noopener\">AQUI<\/a><\/strong><\/li>\n<\/ul>\n\n\n\n<div style=\"height:40px\" aria-hidden=\"true\" class=\"wp-block-spacer\"><\/div>\n\n\n\n<figure class=\"wp-block-image aligncenter size-full\"><img loading=\"lazy\" decoding=\"async\" width=\"1080\" height=\"1350\" src=\"https:\/\/viajandodo.com\/wp-content\/uploads\/2022\/09\/dormir-en-Gran-Canaria-con-nin\u0303os-Maspalomas.jpg\" alt=\"\" class=\"wp-image-28921\" srcset=\"https:\/\/viajandodo.com\/wp-content\/uploads\/2022\/09\/dormir-en-Gran-Canaria-con-nin\u0303os-Maspalomas.jpg 1080w, https:\/\/viajandodo.com\/wp-content\/uploads\/2022\/09\/dormir-en-Gran-Canaria-con-nin\u0303os-Maspalomas-300x375.jpg 300w, https:\/\/viajandodo.com\/wp-content\/uploads\/2022\/09\/dormir-en-Gran-Canaria-con-nin\u0303os-Maspalomas-600x750.jpg 600w, https:\/\/viajandodo.com\/wp-content\/uploads\/2022\/09\/dormir-en-Gran-Canaria-con-nin\u0303os-Maspalomas-768x960.jpg 768w, https:\/\/viajandodo.com\/wp-content\/uploads\/2022\/09\/dormir-en-Gran-Canaria-con-nin\u0303os-Maspalomas-149x186.jpg 149w\" sizes=\"(max-width: 1080px) 100vw, 1080px\" \/><\/figure>\n\n\n\n<div style=\"height:70px\" aria-hidden=\"true\" class=\"wp-block-spacer\"><\/div>\n\n\n\n<h3 class=\"wp-block-heading has-text-align-center\"><span class=\"ez-toc-section\" id=\"Puerto_Rico\"><\/span><strong>Puerto Rico<\/strong><span class=\"ez-toc-section-end\"><\/span><\/h3>\n\n\n\n<div style=\"height:30px\" aria-hidden=\"true\" class=\"wp-block-spacer\"><\/div>\n\n\n\n<figure class=\"wp-block-image aligncenter size-full is-resized\"><img loading=\"lazy\" decoding=\"async\" width=\"1080\" height=\"1080\" src=\"https:\/\/viajandodo.com\/wp-content\/uploads\/2022\/09\/alojarse-en-Gran-Canaria-con-nin\u0303os-Puerto-Rico-zona.png\" alt=\"\" class=\"wp-image-28922\" style=\"width:320px;height:auto\" srcset=\"https:\/\/viajandodo.com\/wp-content\/uploads\/2022\/09\/alojarse-en-Gran-Canaria-con-nin\u0303os-Puerto-Rico-zona.png 1080w, https:\/\/viajandodo.com\/wp-content\/uploads\/2022\/09\/alojarse-en-Gran-Canaria-con-nin\u0303os-Puerto-Rico-zona-300x300.png 300w, https:\/\/viajandodo.com\/wp-content\/uploads\/2022\/09\/alojarse-en-Gran-Canaria-con-nin\u0303os-Puerto-Rico-zona-100x100.png 100w, https:\/\/viajandodo.com\/wp-content\/uploads\/2022\/09\/alojarse-en-Gran-Canaria-con-nin\u0303os-Puerto-Rico-zona-600x600.png 600w, https:\/\/viajandodo.com\/wp-content\/uploads\/2022\/09\/alojarse-en-Gran-Canaria-con-nin\u0303os-Puerto-Rico-zona-768x768.png 768w, https:\/\/viajandodo.com\/wp-content\/uploads\/2022\/09\/alojarse-en-Gran-Canaria-con-nin\u0303os-Puerto-Rico-zona-186x186.png 186w\" sizes=\"(max-width: 1080px) 100vw, 1080px\" \/><\/figure>\n\n\n\n<div style=\"height:30px\" aria-hidden=\"true\" class=\"wp-block-spacer\"><\/div>\n\n\n\n<p>Ancien port de p\u00eache, Puerto Rico est aujourd&rsquo;hui un havre de paix au c\u0153ur d&rsquo;une nature magnifique. On y trouve <strong>certains des meilleurs h\u00e9bergements de Gran Canaria pour les familles avec enfants<\/strong>, ainsi qu&rsquo;un large \u00e9ventail d&rsquo;activit\u00e9s nautiques pour petits et grands.<\/p>\n\n\n\n<p>L&rsquo;incroyable biodiversit\u00e9 marine permet de pratiquer la plong\u00e9e avec tuba, les excursions en bateau, la p\u00eache en haute mer, le ski nautique et la planche \u00e0 voile. <strong>D\u00e9couvrez toutes les activit\u00e9s <a href=\"https:\/\/www.civitatis.com\/mx\/gran-canaria\/?aid=11976\" type=\"link\" id=\"https:\/\/www.civitatis.com\/mx\/gran-canaria\/?aid=11976\">ICI<\/a><\/strong>.<\/p>\n\n\n\n<p>Mais ce qui distingue v\u00e9ritablement Puerto Rico, ce sont ses superbes plages aux paysages naturels idylliques et aux eaux calmes. \u00c0 proximit\u00e9, vous pourrez \u00e9galement visiter la plage du m\u00eame nom, ainsi que <strong>les plages d&rsquo;Amadores et d&rsquo;Anfi de Mar<\/strong>. Puerto Rico est sans aucun doute l&rsquo;un des lieux de <strong>s\u00e9jour id\u00e9aux \u00e0 Gran Canaria pour un voyage en famille<\/strong>&nbsp;; choisir cette r\u00e9gion, c&rsquo;est l&rsquo;assurance d&rsquo;un excellent choix.<\/p>\n\n\n\n<div style=\"height:40px\" aria-hidden=\"true\" class=\"wp-block-spacer\"><\/div>\n\n\n\n<ul class=\"wp-block-list has-medium-font-size\">\n<li><strong>Trouvez l&rsquo;h\u00f4tel id\u00e9al \u00e0 Puerto Rico avec des enfants<\/strong> <strong><a href=\"https:\/\/www.booking.com\/searchresults.es.html?city=900039449&amp;nflt=ht_id%253D204&amp;aid=1651009&amp;no_rooms=1&amp;group_adults=2&amp;group_children=2&amp;room1=A%2CA%2C0%2C0\" target=\"_blank\" rel=\"noreferrer noopener\">ICI<\/a><\/strong><\/li>\n<\/ul>\n\n\n\n<div style=\"height:40px\" aria-hidden=\"true\" class=\"wp-block-spacer\"><\/div>\n\n\n\n<ul class=\"wp-block-list has-medium-font-size\">\n<li><strong>Appartements de vacances pour familles \u00e0 Porto Rico <\/strong><a href=\"https:\/\/www.booking.com\/searchresults.fr.html?city=900039449&amp;nflt=ht_id%253D201&amp;aid=1651010&amp;no_rooms=1&amp;group_adults=2&amp;group_children=2&amp;room1=A\" target=\"_blank\" rel=\"noreferrer noopener\"><strong>ICI<\/strong><\/a><\/li>\n<\/ul>\n\n\n\n<div style=\"height:40px\" aria-hidden=\"true\" class=\"wp-block-spacer\"><\/div>\n\n\n\n<figure class=\"wp-block-image aligncenter size-full\"><img loading=\"lazy\" decoding=\"async\" width=\"1080\" height=\"1350\" src=\"https:\/\/viajandodo.com\/wp-content\/uploads\/2022\/09\/alojarse-en-Gran-Canaria-con-nin\u0303os-Playa-Puerto-Rico.jpg\" alt=\"\" class=\"wp-image-28923\" srcset=\"https:\/\/viajandodo.com\/wp-content\/uploads\/2022\/09\/alojarse-en-Gran-Canaria-con-nin\u0303os-Playa-Puerto-Rico.jpg 1080w, https:\/\/viajandodo.com\/wp-content\/uploads\/2022\/09\/alojarse-en-Gran-Canaria-con-nin\u0303os-Playa-Puerto-Rico-300x375.jpg 300w, https:\/\/viajandodo.com\/wp-content\/uploads\/2022\/09\/alojarse-en-Gran-Canaria-con-nin\u0303os-Playa-Puerto-Rico-600x750.jpg 600w, https:\/\/viajandodo.com\/wp-content\/uploads\/2022\/09\/alojarse-en-Gran-Canaria-con-nin\u0303os-Playa-Puerto-Rico-768x960.jpg 768w, https:\/\/viajandodo.com\/wp-content\/uploads\/2022\/09\/alojarse-en-Gran-Canaria-con-nin\u0303os-Playa-Puerto-Rico-149x186.jpg 149w\" sizes=\"(max-width: 1080px) 100vw, 1080px\" \/><\/figure>\n\n\n\n<div style=\"height:80px\" aria-hidden=\"true\" class=\"wp-block-spacer\"><\/div>\n\n\n\n<h3 class=\"wp-block-heading has-text-align-center\"><span class=\"ez-toc-section\" id=\"San_Agustin\"><\/span><strong>San Agust\u00edn<\/strong><span class=\"ez-toc-section-end\"><\/span><\/h3>\n\n\n\n<div style=\"height:30px\" aria-hidden=\"true\" class=\"wp-block-spacer\"><\/div>\n\n\n\n<figure class=\"wp-block-image aligncenter size-full is-resized\"><img loading=\"lazy\" decoding=\"async\" width=\"1080\" height=\"1080\" src=\"https:\/\/viajandodo.com\/wp-content\/uploads\/2022\/09\/alojarse-en-Gran-Canaria-en-familia-San-Agustin.png\" alt=\"\" class=\"wp-image-28930\" style=\"width:327px;height:auto\" srcset=\"https:\/\/viajandodo.com\/wp-content\/uploads\/2022\/09\/alojarse-en-Gran-Canaria-en-familia-San-Agustin.png 1080w, https:\/\/viajandodo.com\/wp-content\/uploads\/2022\/09\/alojarse-en-Gran-Canaria-en-familia-San-Agustin-300x300.png 300w, https:\/\/viajandodo.com\/wp-content\/uploads\/2022\/09\/alojarse-en-Gran-Canaria-en-familia-San-Agustin-100x100.png 100w, https:\/\/viajandodo.com\/wp-content\/uploads\/2022\/09\/alojarse-en-Gran-Canaria-en-familia-San-Agustin-600x600.png 600w, https:\/\/viajandodo.com\/wp-content\/uploads\/2022\/09\/alojarse-en-Gran-Canaria-en-familia-San-Agustin-768x768.png 768w, https:\/\/viajandodo.com\/wp-content\/uploads\/2022\/09\/alojarse-en-Gran-Canaria-en-familia-San-Agustin-186x186.png 186w\" sizes=\"(max-width: 1080px) 100vw, 1080px\" \/><\/figure>\n\n\n\n<div style=\"height:30px\" aria-hidden=\"true\" class=\"wp-block-spacer\"><\/div>\n\n\n\n<p>Dans la commune de San Bartolom\u00e9 de Tirajana, au sud, se trouve l&rsquo;une des plages les plus populaires de Gran Canaria&nbsp;: <strong>la plage de San Agust\u00edn<\/strong>. C&rsquo;est un lieu id\u00e9al pour <strong>s\u00e9journer \u00e0 Gran Canaria avec des enfants<\/strong>, car cette plage est tr\u00e8s calme et offre d&rsquo;excellents services et attractions pour les familles.<\/p>\n\n\n\n<p>Malgr\u00e9 sa popularit\u00e9, elle conserve une atmosph\u00e8re paisible et familiale. Ses eaux calmes et ses vagues douces, son sable dor\u00e9 et son climat exceptionnel attirent des touristes du monde entier. Sur cette plage, vous trouverez tous les services n\u00e9cessaires&nbsp;: douches, ma\u00eetres-nageurs sauveteurs, toilettes, location de transats, restaurants, et bien plus encore.<\/p>\n\n\n\n<p>Sa magnifique promenade est un autre atout, parfaite pour fl\u00e2ner avec les enfants face \u00e0 la mer. \u00c0 proximit\u00e9, vous pourrez \u00e9galement visiter d&rsquo;autres plages comme <strong>Las Burras, Morro Besudo ou El Pirata.<\/strong><\/p>\n\n\n\n<p>San Agust\u00edn est un lieu id\u00e9al pour ceux qui recherchent <strong>des vacances divertissantes et reposantes.<\/strong><\/p>\n\n\n\n<div style=\"height:40px\" aria-hidden=\"true\" class=\"wp-block-spacer\"><\/div>\n\n\n\n<ul class=\"wp-block-list has-medium-font-size\">\n<li><strong>Consultez tous les h\u00e9bergements adapt\u00e9s aux familles \u00e0 San Agust\u00edn <\/strong><a href=\"https:\/\/www.booking.com\/searchresults.es.html?city=900039118&amp;aid=1651009&amp;no_rooms=1&amp;group_adults=2&amp;group_children=2&amp;room1=A%2CA%2C3%2C6\" target=\"_blank\" rel=\"noreferrer noopener\"><strong>ICI<\/strong><\/a><\/li>\n<\/ul>\n\n\n\n<div style=\"height:40px\" aria-hidden=\"true\" class=\"wp-block-spacer\"><\/div>\n\n\n\n<figure class=\"wp-block-image aligncenter size-full\"><img loading=\"lazy\" decoding=\"async\" width=\"1080\" height=\"1350\" src=\"https:\/\/viajandodo.com\/wp-content\/uploads\/2022\/09\/hoteles-familiares-Gran-Canaria-en-San-Agustin.jpg\" alt=\"\" class=\"wp-image-28931\" srcset=\"https:\/\/viajandodo.com\/wp-content\/uploads\/2022\/09\/hoteles-familiares-Gran-Canaria-en-San-Agustin.jpg 1080w, https:\/\/viajandodo.com\/wp-content\/uploads\/2022\/09\/hoteles-familiares-Gran-Canaria-en-San-Agustin-300x375.jpg 300w, https:\/\/viajandodo.com\/wp-content\/uploads\/2022\/09\/hoteles-familiares-Gran-Canaria-en-San-Agustin-600x750.jpg 600w, https:\/\/viajandodo.com\/wp-content\/uploads\/2022\/09\/hoteles-familiares-Gran-Canaria-en-San-Agustin-768x960.jpg 768w, https:\/\/viajandodo.com\/wp-content\/uploads\/2022\/09\/hoteles-familiares-Gran-Canaria-en-San-Agustin-149x186.jpg 149w\" sizes=\"(max-width: 1080px) 100vw, 1080px\" \/><\/figure>\n\n\n\n<div style=\"height:80px\" aria-hidden=\"true\" class=\"wp-block-spacer\"><\/div>\n\n\n\n<h3 class=\"wp-block-heading has-text-align-center\"><span class=\"ez-toc-section\" id=\"Puerto_de_Mogan\"><\/span><strong>Puerto de Mog\u00e1n<\/strong><span class=\"ez-toc-section-end\"><\/span><\/h3>\n\n\n\n<div style=\"height:30px\" aria-hidden=\"true\" class=\"wp-block-spacer\"><\/div>\n\n\n\n<figure class=\"wp-block-image aligncenter size-full is-resized\"><img loading=\"lazy\" decoding=\"async\" width=\"1080\" height=\"1080\" src=\"https:\/\/viajandodo.com\/wp-content\/uploads\/2022\/09\/alojarse-en-Gran-Canaria-con-nin\u0303os-Puerto-de-Mogan.png\" alt=\"\" class=\"wp-image-28932\" style=\"width:326px;height:auto\" srcset=\"https:\/\/viajandodo.com\/wp-content\/uploads\/2022\/09\/alojarse-en-Gran-Canaria-con-nin\u0303os-Puerto-de-Mogan.png 1080w, https:\/\/viajandodo.com\/wp-content\/uploads\/2022\/09\/alojarse-en-Gran-Canaria-con-nin\u0303os-Puerto-de-Mogan-300x300.png 300w, https:\/\/viajandodo.com\/wp-content\/uploads\/2022\/09\/alojarse-en-Gran-Canaria-con-nin\u0303os-Puerto-de-Mogan-100x100.png 100w, https:\/\/viajandodo.com\/wp-content\/uploads\/2022\/09\/alojarse-en-Gran-Canaria-con-nin\u0303os-Puerto-de-Mogan-600x600.png 600w, https:\/\/viajandodo.com\/wp-content\/uploads\/2022\/09\/alojarse-en-Gran-Canaria-con-nin\u0303os-Puerto-de-Mogan-768x768.png 768w, https:\/\/viajandodo.com\/wp-content\/uploads\/2022\/09\/alojarse-en-Gran-Canaria-con-nin\u0303os-Puerto-de-Mogan-186x186.png 186w\" sizes=\"(max-width: 1080px) 100vw, 1080px\" \/><\/figure>\n\n\n\n<div style=\"height:30px\" aria-hidden=\"true\" class=\"wp-block-spacer\"><\/div>\n\n\n\n<p>Situ\u00e9 \u00e0 environ 45 km de l&rsquo;a\u00e9roport de Gran Canaria, <strong>Puerto de Mog\u00e1n<\/strong> est l&rsquo;un des plus beaux endroits de l&rsquo;\u00eele. V\u00e9ritable havre de paix naturel d&rsquo;une grande valeur \u00e9cologique et touristique, il offre un charme unique, caract\u00e9ris\u00e9 par ses ruelles \u00e9troites et ses maisons pittoresques qui lui conf\u00e8rent une atmosph\u00e8re chaleureuse et accueillante.<\/p>\n\n\n\n<p>Situ\u00e9e au sud-est de l&rsquo;\u00eele, dans la commune du m\u00eame nom, e<strong>lle est devenue l&rsquo;une des destinations les plus pris\u00e9es ces derni\u00e8res ann\u00e9es<\/strong>. Son climat agr\u00e9able tout au long de l&rsquo;ann\u00e9e, la beaut\u00e9 de ses plages et son ambiance color\u00e9e et multiculturelle attirent des touristes de toute l&rsquo;Europe.<\/p>\n\n\n\n<p>Le port, avec ses nombreux ponts et canaux, lui vaut le surnom de <strong>\u00ab Petite Venise des Canaries \u00bb<\/strong>. Bien qu&rsquo;il ne s&rsquo;agisse pas d&rsquo;une v\u00e9ritable Venise, ses canaux donnent \u00e0 cette ville un caract\u00e8re distinctif et cr\u00e9ent une atmosph\u00e8re idyllique et attrayante.<\/p>\n\n\n\n<p>Mais le cadre pittoresque du port n&rsquo;est pas son seul atout. <strong>La plage de Mog\u00e1n est id\u00e9ale pour les familles avec enfants, offrant une journ\u00e9e unique et m\u00e9morable<\/strong>. Cette plage offre des eaux cristallines et calmes o\u00f9 les enfants peuvent jouer en toute libert\u00e9 sans que les parents aient \u00e0 craindre les fortes vagues.<\/p>\n\n\n\n<p>De l\u00e0, vous pouvez \u00e9galement faire des <strong><a href=\"https:\/\/www.civitatis.com\/es\/puerto-de-mogan\/paseo-barco-puerto-mogan-snorkel\/?aid=11976\">excursions en bateau + snorkeling<\/a><\/strong> ou <strong><a href=\"https:\/\/www.civitatis.com\/es\/puerto-de-mogan\/paseo-submarino-gran-canaria\/?aid=11976\">explorer les fonds marins \u00e0 bord du c\u00e9l\u00e8bre sous-marin jaune<\/a><\/strong>. Ces exp\u00e9riences vous laisseront des souvenirs inoubliables. Puerto de Mog\u00e1n est sans aucun doute un lieu id\u00e9al pour s\u00e9journer \u00e0 Gran Canaria avec des enfants.<\/p>\n\n\n\n<div style=\"height:50px\" aria-hidden=\"true\" class=\"wp-block-spacer\"><\/div>\n\n\n\n<ul class=\"wp-block-list has-medium-font-size\">\n<li><strong>Voir les logements familiaux \u00e0 Puerto de Mog\u00e1n  <\/strong><a href=\"https:\/\/www.booking.com\/searchresults.fr.html?city=-387820&amp;aid=1651010&amp;no_rooms=1&amp;group_adults=2&amp;group_children=2&amp;room1=A\" target=\"_blank\" rel=\"noreferrer noopener\"><strong>ICI<\/strong><\/a><\/li>\n<\/ul>\n\n\n\n<div style=\"height:50px\" aria-hidden=\"true\" class=\"wp-block-spacer\"><\/div>\n\n\n\n<figure class=\"wp-block-image aligncenter size-full\"><img loading=\"lazy\" decoding=\"async\" width=\"1080\" height=\"1350\" src=\"https:\/\/viajandodo.com\/wp-content\/uploads\/2022\/09\/Mogan-alojamientos-en-Gran-Canaria-con-nin\u0303os.jpg\" alt=\"\" class=\"wp-image-28933\" srcset=\"https:\/\/viajandodo.com\/wp-content\/uploads\/2022\/09\/Mogan-alojamientos-en-Gran-Canaria-con-nin\u0303os.jpg 1080w, https:\/\/viajandodo.com\/wp-content\/uploads\/2022\/09\/Mogan-alojamientos-en-Gran-Canaria-con-nin\u0303os-300x375.jpg 300w, https:\/\/viajandodo.com\/wp-content\/uploads\/2022\/09\/Mogan-alojamientos-en-Gran-Canaria-con-nin\u0303os-600x750.jpg 600w, https:\/\/viajandodo.com\/wp-content\/uploads\/2022\/09\/Mogan-alojamientos-en-Gran-Canaria-con-nin\u0303os-768x960.jpg 768w, https:\/\/viajandodo.com\/wp-content\/uploads\/2022\/09\/Mogan-alojamientos-en-Gran-Canaria-con-nin\u0303os-149x186.jpg 149w\" sizes=\"(max-width: 1080px) 100vw, 1080px\" \/><\/figure>\n\n\n\n<div style=\"height:50px\" aria-hidden=\"true\" class=\"wp-block-spacer\"><\/div>\n\n\n\n<hr class=\"wp-block-separator has-alpha-channel-opacity\"\/>\n\n\n\n<p class=\"has-text-align-center has-background\" style=\"background-color:#e6f6ff;font-size:24px\"><strong>LOUEZ VOTRE VOITURE \u00c0 GRAN CANARIA <a href=\"https:\/\/clk.tradedoubler.com\/click?p=74391&amp;a=3092965\" target=\"_blank\" rel=\"noreferrer noopener\">ICI<\/a><\/strong><\/p>\n\n\n\n<hr class=\"wp-block-separator has-alpha-channel-opacity\"\/>\n\n\n\n<div style=\"height:50px\" aria-hidden=\"true\" class=\"wp-block-spacer\"><\/div>\n\n\n\n<h2 class=\"wp-block-heading has-text-align-center\"><span class=\"ez-toc-section\" id=\"RECOMMANDATIONS_DHEBERGEMENT_A_GRAN_CANARIA_AVEC_ENFANTS\"><\/span><strong>RECOMMANDATIONS D&rsquo;H\u00c9BERGEMENT \u00c0 GRAN CANARIA AVEC ENFANTS<\/strong><span class=\"ez-toc-section-end\"><\/span><\/h2>\n\n\n\n<div style=\"height:60px\" aria-hidden=\"true\" class=\"wp-block-spacer\"><\/div>\n\n\n\n<h3 class=\"wp-block-heading has-text-align-center\"><span class=\"ez-toc-section\" id=\"Appartements_LIVVO_Puerto_de_Mogan\"><\/span><strong>Appartements LIVVO Puerto de Mog\u00e1n<\/strong><span class=\"ez-toc-section-end\"><\/span><\/h3>\n\n\n\n<div style=\"height:30px\" aria-hidden=\"true\" class=\"wp-block-spacer\"><\/div>\n\n\n\n<p>Les appartements <strong>LIVVO Puerto de Mog\u00e1n<\/strong> b\u00e9n\u00e9ficient d&rsquo;un emplacement exceptionnel \u00e0 Puerto de Mog\u00e1n, \u00e0 seulement 2 minutes \u00e0 pied de la plage.<\/p>\n\n\n\n<p>Parmi les \u00e9quipements propos\u00e9s, vous trouverez une piscine ext\u00e9rieure, un port de plaisance et des bains \u00e0 remous ext\u00e9rieurs. Voici quelques-uns des <strong>services et \u00e9quipements<\/strong> dont vous pourrez profiter aux <strong>appartements LIVVO Puerto de Mog\u00e1n<\/strong>&nbsp;:<\/p>\n\n\n\n<div style=\"height:40px\" aria-hidden=\"true\" class=\"wp-block-spacer\"><\/div>\n\n\n\n<ul class=\"wp-block-list\">\n<li><strong>Bord de mer<\/strong><\/li>\n\n\n\n<li><strong>Chambres familiales<\/strong><\/li>\n\n\n\n<li><strong>Cuisine enti\u00e8rement \u00e9quip\u00e9e dans les appartements<\/strong><\/li>\n\n\n\n<li><strong>Petit supermarch\u00e9 dans les locaux<\/strong><\/li>\n\n\n\n<li><strong>Service de blanchisserie et de repassage (en suppl\u00e9ment)<\/strong><\/li>\n\n\n\n<li><strong>Lits b\u00e9b\u00e9 disponibles sur demande (gratuitement)<\/strong><\/li>\n\n\n\n<li><strong>Centre de spa et de bien-\u00eatre<\/strong><\/li>\n\n\n\n<li><strong>Petit-d\u00e9jeuner buffet<\/strong><\/li>\n\n\n\n<li><strong>Climatisation<\/strong><\/li>\n\n\n\n<li><strong>Wi-Fi Gratuit<\/strong><\/li>\n\n\n\n<li><strong>R\u00e9ception 24h<\/strong><\/li>\n<\/ul>\n\n\n\n<div style=\"height:40px\" aria-hidden=\"true\" class=\"wp-block-spacer\"><\/div>\n\n\n\n<ul class=\"wp-block-list has-medium-font-size\">\n<li><strong>R\u00e9servez \u00e0 los Apartamentos LIVVO Puerto de Mog\u00e1n <a href=\"https:\/\/www.booking.com\/hotel\/es\/apartamentos-puerto-de-moga-n.es.html?aid=1651009&amp;no_rooms=1&amp;group_adults=2&amp;group_children=2&amp;room1=A%2CA%2C3%2C6\" target=\"_blank\" rel=\"noreferrer noopener\">AQUI<\/a><\/strong><\/li>\n<\/ul>\n\n\n\n<div style=\"height:40px\" aria-hidden=\"true\" class=\"wp-block-spacer\"><\/div>\n\n\n\n<figure class=\"wp-block-image aligncenter size-full\"><img loading=\"lazy\" decoding=\"async\" width=\"1080\" height=\"1350\" src=\"https:\/\/viajandodo.com\/wp-content\/uploads\/2022\/09\/alojarse-en-Gran-Canaria-con-nin\u0303os-Apartamentos-Puerto-de-Mogan.jpg\" alt=\"\" class=\"wp-image-28934\" srcset=\"https:\/\/viajandodo.com\/wp-content\/uploads\/2022\/09\/alojarse-en-Gran-Canaria-con-nin\u0303os-Apartamentos-Puerto-de-Mogan.jpg 1080w, https:\/\/viajandodo.com\/wp-content\/uploads\/2022\/09\/alojarse-en-Gran-Canaria-con-nin\u0303os-Apartamentos-Puerto-de-Mogan-300x375.jpg 300w, https:\/\/viajandodo.com\/wp-content\/uploads\/2022\/09\/alojarse-en-Gran-Canaria-con-nin\u0303os-Apartamentos-Puerto-de-Mogan-600x750.jpg 600w, https:\/\/viajandodo.com\/wp-content\/uploads\/2022\/09\/alojarse-en-Gran-Canaria-con-nin\u0303os-Apartamentos-Puerto-de-Mogan-768x960.jpg 768w, https:\/\/viajandodo.com\/wp-content\/uploads\/2022\/09\/alojarse-en-Gran-Canaria-con-nin\u0303os-Apartamentos-Puerto-de-Mogan-149x186.jpg 149w\" sizes=\"(max-width: 1080px) 100vw, 1080px\" \/><\/figure>\n\n\n\n<div style=\"height:55px\" aria-hidden=\"true\" class=\"wp-block-spacer\"><\/div>\n\n\n\n<figure class=\"wp-block-image aligncenter size-full\"><img loading=\"lazy\" decoding=\"async\" width=\"1080\" height=\"1350\" src=\"https:\/\/viajandodo.com\/wp-content\/uploads\/2022\/09\/alojarse-en-Gran-Canaria-con-nin\u0303os-Apartamentos-en-Mogan.jpg\" alt=\"\" class=\"wp-image-28935\" srcset=\"https:\/\/viajandodo.com\/wp-content\/uploads\/2022\/09\/alojarse-en-Gran-Canaria-con-nin\u0303os-Apartamentos-en-Mogan.jpg 1080w, https:\/\/viajandodo.com\/wp-content\/uploads\/2022\/09\/alojarse-en-Gran-Canaria-con-nin\u0303os-Apartamentos-en-Mogan-300x375.jpg 300w, https:\/\/viajandodo.com\/wp-content\/uploads\/2022\/09\/alojarse-en-Gran-Canaria-con-nin\u0303os-Apartamentos-en-Mogan-600x750.jpg 600w, https:\/\/viajandodo.com\/wp-content\/uploads\/2022\/09\/alojarse-en-Gran-Canaria-con-nin\u0303os-Apartamentos-en-Mogan-768x960.jpg 768w, https:\/\/viajandodo.com\/wp-content\/uploads\/2022\/09\/alojarse-en-Gran-Canaria-con-nin\u0303os-Apartamentos-en-Mogan-149x186.jpg 149w\" sizes=\"(max-width: 1080px) 100vw, 1080px\" \/><\/figure>\n\n\n\n<div style=\"height:70px\" aria-hidden=\"true\" class=\"wp-block-spacer\"><\/div>\n\n\n\n<h3 class=\"wp-block-heading has-text-align-center\"><span class=\"ez-toc-section\" id=\"Anfi_del_Mar\"><\/span><strong>Anfi del Mar<\/strong><span class=\"ez-toc-section-end\"><\/span><\/h3>\n\n\n\n<div style=\"height:30px\" aria-hidden=\"true\" class=\"wp-block-spacer\"><\/div>\n\n\n\n<p><strong>L&rsquo;Anfi del Mar est situ\u00e9 \u00e0 Arguinegu\u00edn Beach<\/strong>, \u00e0 seulement 2 minutes \u00e0 pied de la plage. L&rsquo;h\u00f4tel offre une vue imprenable sur la mer, une terrasse, un jardin, un bain \u00e0 remous et une piscine ext\u00e9rieure.<\/p>\n\n\n\n<p>C&rsquo;est \u00e9galement un lieu de s\u00e9jour id\u00e9al pour les familles avec enfants, gr\u00e2ce \u00e0 son salon commun, son espace de jeux pour enfants et son aire de jeux ext\u00e9rieure. Parmi les <strong>\u00e9quipements et services<\/strong> propos\u00e9s \u00e0 l&rsquo;Anfi del Mar&nbsp;:<\/p>\n\n\n\n<div style=\"height:40px\" aria-hidden=\"true\" class=\"wp-block-spacer\"><\/div>\n\n\n\n<ul class=\"wp-block-list\">\n<li><strong>En bord de mer<\/strong><\/li>\n\n\n\n<li><strong>Chambres familiales<\/strong><\/li>\n\n\n\n<li>Ap<strong>partements spacieux ave<\/strong>c<strong> cuisine enti\u00e8rement \u00e9quip\u00e9e et terrasse<\/strong><\/li>\n\n\n\n<li><strong>M\u00e9nage quotidien<\/strong><\/li>\n\n\n\n<li><strong>Lits b\u00e9b\u00e9 et chaises hautes disponibles sur demande (gratuitement)<\/strong><\/li>\n\n\n\n<li><strong>Barri\u00e8res de s\u00e9curit\u00e9 pour enfants<\/strong><\/li>\n\n\n\n<li><strong>Aire de jeux pour enfants<\/strong><\/li>\n\n\n\n<li><strong>Jeux de soci\u00e9t\u00e9<\/strong><\/li>\n\n\n\n<li><strong>Menu enfant<\/strong><\/li>\n\n\n\n<li><strong>Aire de jeux<\/strong><\/li>\n\n\n\n<li><strong>3 piscines chauff\u00e9es<\/strong><\/li>\n\n\n\n<li><strong>Sup\u00e9rette sur place<\/strong><\/li>\n\n\n\n<li><strong>Snack-bar et distributeurs automatiques<\/strong><\/li>\n\n\n\n<li><strong>Panier-repas<\/strong><\/li>\n\n\n\n<li><strong>Salle de sport<\/strong><\/li>\n\n\n\n<li><strong>Parking (payant)<\/strong><\/li>\n\n\n\n<li><strong>Wi-Fi gratuit<\/strong><\/li>\n<\/ul>\n\n\n\n<div style=\"height:40px\" aria-hidden=\"true\" class=\"wp-block-spacer\"><\/div>\n\n\n\n<ul class=\"wp-block-list has-medium-font-size\">\n<li><strong>R\u00e9servez \u00e0 Anfi del Mar <\/strong><a href=\"https:\/\/www.booking.com\/searchresults.fr.html?city=-387818&amp;aid=1651010&amp;no_rooms=1&amp;group_adults=2&amp;group_children=2&amp;room1=A\" target=\"_blank\" rel=\"noreferrer noopener\"><strong>ICI<\/strong><\/a><\/li>\n<\/ul>\n\n\n\n<div style=\"height:40px\" aria-hidden=\"true\" class=\"wp-block-spacer\"><\/div>\n\n\n\n<figure class=\"wp-block-image aligncenter size-full\"><img loading=\"lazy\" decoding=\"async\" width=\"1080\" height=\"1350\" src=\"https:\/\/viajandodo.com\/wp-content\/uploads\/2022\/09\/alojamientos-para-familias-Gran-Canaria-Anfi-del-Mar.jpg\" alt=\"\" class=\"wp-image-28941\" srcset=\"https:\/\/viajandodo.com\/wp-content\/uploads\/2022\/09\/alojamientos-para-familias-Gran-Canaria-Anfi-del-Mar.jpg 1080w, https:\/\/viajandodo.com\/wp-content\/uploads\/2022\/09\/alojamientos-para-familias-Gran-Canaria-Anfi-del-Mar-300x375.jpg 300w, https:\/\/viajandodo.com\/wp-content\/uploads\/2022\/09\/alojamientos-para-familias-Gran-Canaria-Anfi-del-Mar-600x750.jpg 600w, https:\/\/viajandodo.com\/wp-content\/uploads\/2022\/09\/alojamientos-para-familias-Gran-Canaria-Anfi-del-Mar-768x960.jpg 768w, https:\/\/viajandodo.com\/wp-content\/uploads\/2022\/09\/alojamientos-para-familias-Gran-Canaria-Anfi-del-Mar-149x186.jpg 149w\" sizes=\"(max-width: 1080px) 100vw, 1080px\" \/><\/figure>\n\n\n\n<div style=\"height:40px\" aria-hidden=\"true\" class=\"wp-block-spacer\"><\/div>\n\n\n\n<figure class=\"wp-block-image aligncenter size-full\"><img loading=\"lazy\" decoding=\"async\" width=\"1080\" height=\"1350\" src=\"https:\/\/viajandodo.com\/wp-content\/uploads\/2022\/09\/alojamientos-en-Gran-Canaria-con-nin\u0303os-Anfi-del-Mar-A.jpg\" alt=\"\" class=\"wp-image-28942\" srcset=\"https:\/\/viajandodo.com\/wp-content\/uploads\/2022\/09\/alojamientos-en-Gran-Canaria-con-nin\u0303os-Anfi-del-Mar-A.jpg 1080w, https:\/\/viajandodo.com\/wp-content\/uploads\/2022\/09\/alojamientos-en-Gran-Canaria-con-nin\u0303os-Anfi-del-Mar-A-300x375.jpg 300w, https:\/\/viajandodo.com\/wp-content\/uploads\/2022\/09\/alojamientos-en-Gran-Canaria-con-nin\u0303os-Anfi-del-Mar-A-600x750.jpg 600w, https:\/\/viajandodo.com\/wp-content\/uploads\/2022\/09\/alojamientos-en-Gran-Canaria-con-nin\u0303os-Anfi-del-Mar-A-768x960.jpg 768w, https:\/\/viajandodo.com\/wp-content\/uploads\/2022\/09\/alojamientos-en-Gran-Canaria-con-nin\u0303os-Anfi-del-Mar-A-149x186.jpg 149w\" sizes=\"(max-width: 1080px) 100vw, 1080px\" \/><\/figure>\n\n\n\n<div style=\"height:70px\" aria-hidden=\"true\" class=\"wp-block-spacer\"><\/div>\n\n\n\n<h3 class=\"wp-block-heading has-text-align-center\"><span class=\"ez-toc-section\" id=\"Anfi_del_Mar_2\"><\/span><strong>Anfi del Mar 2<\/strong><span class=\"ez-toc-section-end\"><\/span><\/h3>\n\n\n\n<div style=\"height:30px\" aria-hidden=\"true\" class=\"wp-block-spacer\"><\/div>\n\n\n\n<p><strong>L&rsquo;Anfi del Mar 2 est \u00e9galement situ\u00e9 \u00e0 Arguinegu\u00edn Beach<\/strong> et propose de spacieuses chambres familiales, une salle de sport, une piscine ext\u00e9rieure, une terrasse et de magnifiques jardins. Pour les plus jeunes, l&rsquo;\u00e9tablissement met \u00e0 disposition une aire de jeux et un club enfants proposant un large \u00e9ventail d&rsquo;activit\u00e9s.<\/p>\n\n\n\n<p>Voici quelques-uns des <strong>\u00e9quipements et services<\/strong> dont vous pourrez profiter \u00e0 l&rsquo;<strong>Anfi del Mar 2&nbsp;:<\/strong><\/p>\n\n\n\n<div style=\"height:40px\" aria-hidden=\"true\" class=\"wp-block-spacer\"><\/div>\n\n\n\n<ul class=\"wp-block-list\">\n<li><strong>Acc\u00e8s direct \u00e0 la plage<\/strong><\/li>\n\n\n\n<li><strong>Navette a\u00e9roport<\/strong><\/li>\n\n\n\n<li><strong>Chambres familiales<\/strong><\/li>\n\n\n\n<li><strong>Appartements spacieux avec cuisine enti\u00e8rement \u00e9quip\u00e9e et terrasse<\/strong><\/li>\n\n\n\n<li><strong>M\u00e9nage quotidien<\/strong><\/li>\n\n\n\n<li><strong>Club enfants<\/strong><\/li>\n\n\n\n<li><strong>Buffet enfants<\/strong><\/li>\n\n\n\n<li><strong>Aire de jeux<\/strong><\/li>\n\n\n\n<li><strong>Spa et centre de bien-\u00eatre<\/strong><\/li>\n\n\n\n<li><strong>Lits b\u00e9b\u00e9 gratuits sur demande<\/strong><\/li>\n\n\n\n<li><strong>Piscine ext\u00e9rieure<\/strong><\/li>\n\n\n\n<li><strong>Snack-bar et distributeurs automatiques<\/strong><\/li>\n\n\n\n<li><strong>Pique-niques<\/strong><\/li>\n\n\n\n<li><strong>Salle de sport<\/strong><\/li>\n\n\n\n<li><strong>Wi-Fi gratuit<\/strong><\/li>\n<\/ul>\n\n\n\n<div style=\"height:40px\" aria-hidden=\"true\" class=\"wp-block-spacer\"><\/div>\n\n\n\n<ul class=\"wp-block-list has-medium-font-size\">\n<li><strong>R\u00e9servez \u00e0 l&rsquo; appart hotel Anfi del Mar 2 <\/strong><a href=\"https:\/\/www.booking.com\/hotel\/es\/anfi-mogan1.fr.html?aid=1651010&amp;no_rooms=1&amp;group_adults=2&amp;group_children=2&amp;room1=A\" target=\"_blank\" rel=\"noreferrer noopener\"><strong>ICI<\/strong><\/a><\/li>\n<\/ul>\n\n\n\n<div style=\"height:39px\" aria-hidden=\"true\" class=\"wp-block-spacer\"><\/div>\n\n\n\n<figure class=\"wp-block-image aligncenter size-full\"><img loading=\"lazy\" decoding=\"async\" width=\"1080\" height=\"1350\" src=\"https:\/\/viajandodo.com\/wp-content\/uploads\/2022\/09\/alojarse-en-Gran-Canaria-con-nin\u0303os-Anfi-del-Mar-2.jpg\" alt=\"\" class=\"wp-image-28944\" srcset=\"https:\/\/viajandodo.com\/wp-content\/uploads\/2022\/09\/alojarse-en-Gran-Canaria-con-nin\u0303os-Anfi-del-Mar-2.jpg 1080w, https:\/\/viajandodo.com\/wp-content\/uploads\/2022\/09\/alojarse-en-Gran-Canaria-con-nin\u0303os-Anfi-del-Mar-2-300x375.jpg 300w, https:\/\/viajandodo.com\/wp-content\/uploads\/2022\/09\/alojarse-en-Gran-Canaria-con-nin\u0303os-Anfi-del-Mar-2-600x750.jpg 600w, https:\/\/viajandodo.com\/wp-content\/uploads\/2022\/09\/alojarse-en-Gran-Canaria-con-nin\u0303os-Anfi-del-Mar-2-768x960.jpg 768w, https:\/\/viajandodo.com\/wp-content\/uploads\/2022\/09\/alojarse-en-Gran-Canaria-con-nin\u0303os-Anfi-del-Mar-2-149x186.jpg 149w\" sizes=\"(max-width: 1080px) 100vw, 1080px\" \/><\/figure>\n\n\n\n<div style=\"height:80px\" aria-hidden=\"true\" class=\"wp-block-spacer\"><\/div>\n\n\n\n<h3 class=\"wp-block-heading has-text-align-center\"><span class=\"ez-toc-section\" id=\"Appartements_Cordial_Mogan_Valle\"><\/span><strong>Appartements Cordial Mog\u00e1n Valle<\/strong><span class=\"ez-toc-section-end\"><\/span><\/h3>\n\n\n\n<div style=\"height:30px\" aria-hidden=\"true\" class=\"wp-block-spacer\"><\/div>\n\n\n\n<p><strong>Les appartements Cordial Mog\u00e1n Valle sont situ\u00e9s sur l&rsquo;Avenida Los Morrero<\/strong>, dans la charmante ville de Puerto de Mog\u00e1n. \u00c0 seulement 10 minutes \u00e0 pied de la plage, ils offrent un spa exceptionnel, une piscine ext\u00e9rieure et un cadre naturel luxuriant avec des<strong> jardins subtropicaux.<\/strong> C&rsquo;est sans aucun doute un lieu de s\u00e9jour id\u00e9al \u00e0 Gran Canaria pour les familles avec enfants.<\/p>\n\n\n\n<p>Voici quelques-uns des <strong>\u00e9quipements et services<\/strong> dont vous pourrez profiter aux appartements Cordial Mog\u00e1n Valle&nbsp;:<\/p>\n\n\n\n<div style=\"height:40px\" aria-hidden=\"true\" class=\"wp-block-spacer\"><\/div>\n\n\n\n<ul class=\"wp-block-list\">\n<li><strong>\u00c0 deux pas de la plage<\/strong><\/li>\n\n\n\n<li><strong>Appartements avec terrasse<\/strong><\/li>\n\n\n\n<li><strong>Parking gratuit<\/strong><\/li>\n\n\n\n<li><strong>3 piscines ext\u00e9rieures chauff\u00e9es<\/strong><\/li>\n\n\n\n<li><strong>Piscine pour enfants avec jeux d&rsquo;eau<\/strong><\/li>\n\n\n\n<li><strong>Aire de jeux pour enfants<\/strong><\/li>\n\n\n\n<li><strong>Club enfants<\/strong><\/li>\n\n\n\n<li><strong>Spa et centre de bien-\u00eatre<\/strong><\/li>\n\n\n\n<li><strong>Restaurant<\/strong><\/li>\n\n\n\n<li><strong>Snack-bar<\/strong><\/li>\n\n\n\n<li><strong>Lits b\u00e9b\u00e9 disponibles gratuitement sur demande<\/strong><\/li>\n\n\n\n<li><strong>Wi-Fi gratuit<\/strong><\/li>\n<\/ul>\n\n\n\n<div style=\"height:40px\" aria-hidden=\"true\" class=\"wp-block-spacer\"><\/div>\n\n\n\n<ul class=\"wp-block-list has-medium-font-size\">\n<li><strong>R\u00e9servez \u00e0 los Apartamentos Cordial Mog\u00e1n Valle <\/strong><a href=\"https:\/\/www.booking.com\/hotel\/es\/apartamentos-cordial-mogan-valle.fr.html?aid=1651010&amp;no_rooms=1&amp;group_adults=2&amp;group_children=2\" target=\"_blank\" rel=\"noreferrer noopener\"><strong>ICI<\/strong><\/a><\/li>\n<\/ul>\n\n\n\n<div style=\"height:40px\" aria-hidden=\"true\" class=\"wp-block-spacer\"><\/div>\n\n\n\n<figure class=\"wp-block-image aligncenter size-full\"><img loading=\"lazy\" decoding=\"async\" width=\"1080\" height=\"1350\" src=\"https:\/\/viajandodo.com\/wp-content\/uploads\/2022\/09\/apartamentos-Gran-Canaria-con-nin\u0303os-Mogan.jpg\" alt=\"\" class=\"wp-image-28946\" srcset=\"https:\/\/viajandodo.com\/wp-content\/uploads\/2022\/09\/apartamentos-Gran-Canaria-con-nin\u0303os-Mogan.jpg 1080w, https:\/\/viajandodo.com\/wp-content\/uploads\/2022\/09\/apartamentos-Gran-Canaria-con-nin\u0303os-Mogan-300x375.jpg 300w, https:\/\/viajandodo.com\/wp-content\/uploads\/2022\/09\/apartamentos-Gran-Canaria-con-nin\u0303os-Mogan-600x750.jpg 600w, https:\/\/viajandodo.com\/wp-content\/uploads\/2022\/09\/apartamentos-Gran-Canaria-con-nin\u0303os-Mogan-768x960.jpg 768w, https:\/\/viajandodo.com\/wp-content\/uploads\/2022\/09\/apartamentos-Gran-Canaria-con-nin\u0303os-Mogan-149x186.jpg 149w\" sizes=\"(max-width: 1080px) 100vw, 1080px\" \/><\/figure>\n\n\n\n<div style=\"height:50px\" aria-hidden=\"true\" class=\"wp-block-spacer\"><\/div>\n\n\n\n<figure class=\"wp-block-image aligncenter size-full\"><img loading=\"lazy\" decoding=\"async\" width=\"1080\" height=\"1350\" src=\"https:\/\/viajandodo.com\/wp-content\/uploads\/2022\/09\/alojarse-en-Gran-Canaria-con-nin\u0303os-Mogan-apartam.jpg\" alt=\"\" class=\"wp-image-28947\" srcset=\"https:\/\/viajandodo.com\/wp-content\/uploads\/2022\/09\/alojarse-en-Gran-Canaria-con-nin\u0303os-Mogan-apartam.jpg 1080w, https:\/\/viajandodo.com\/wp-content\/uploads\/2022\/09\/alojarse-en-Gran-Canaria-con-nin\u0303os-Mogan-apartam-300x375.jpg 300w, https:\/\/viajandodo.com\/wp-content\/uploads\/2022\/09\/alojarse-en-Gran-Canaria-con-nin\u0303os-Mogan-apartam-600x750.jpg 600w, https:\/\/viajandodo.com\/wp-content\/uploads\/2022\/09\/alojarse-en-Gran-Canaria-con-nin\u0303os-Mogan-apartam-768x960.jpg 768w, https:\/\/viajandodo.com\/wp-content\/uploads\/2022\/09\/alojarse-en-Gran-Canaria-con-nin\u0303os-Mogan-apartam-149x186.jpg 149w\" sizes=\"(max-width: 1080px) 100vw, 1080px\" \/><\/figure>\n\n\n\n<div style=\"height:75px\" aria-hidden=\"true\" class=\"wp-block-spacer\"><\/div>\n\n\n\n<h3 class=\"wp-block-heading has-text-align-center\"><span class=\"ez-toc-section\" id=\"Gran_Tauro_Villa\"><\/span><strong>Gran Tauro Villa<\/strong><span class=\"ez-toc-section-end\"><\/span><\/h3>\n\n\n\n<div style=\"height:30px\" aria-hidden=\"true\" class=\"wp-block-spacer\"><\/div>\n\n\n\n<p><strong>La villa Gran Tauro est situ\u00e9e \u00e0 1 km de la magnifique plage de Tauro<\/strong>. Elle propose des prestations de qualit\u00e9, notamment des chambres familiales confortables, un bain \u00e0 remous, des aires de jeux, des jardins et une piscine ext\u00e9rieure. Elle est con\u00e7ue pour offrir une exp\u00e9rience familiale inoubliable.<\/p>\n\n\n\n<p>Voici quelques-uns des <strong>\u00e9quipements<\/strong> dont vous pourrez profiter \u00e0 la <strong>villa Gran Tauro<\/strong>&nbsp;:<\/p>\n\n\n\n<div style=\"height:40px\" aria-hidden=\"true\" class=\"wp-block-spacer\"><\/div>\n\n\n\n<ul class=\"wp-block-list\">\n<li><strong>\u00c0 deux pas de la plage<\/strong><\/li>\n\n\n\n<li><strong>Chambres familiales<\/strong><\/li>\n\n\n\n<li><strong>Villas avec cuisine \u00e9quip\u00e9e et lave-linge<\/strong><\/li>\n\n\n\n<li><strong>Capacit\u00e9 d&rsquo;accueil : jusqu&rsquo;\u00e0 9 personnes<\/strong><\/li>\n\n\n\n<li><strong>Design haut de gamme<\/strong><\/li>\n\n\n\n<li><strong>Jardins<\/strong><\/li>\n\n\n\n<li><strong>Espace barbecue<\/strong><\/li>\n\n\n\n<li><strong>Parking gratuit<\/strong><\/li>\n\n\n\n<li><strong>Piscines ext\u00e9rieures priv\u00e9es chauff\u00e9es<\/strong><\/li>\n\n\n\n<li><strong>Wi-Fi gratuit<\/strong><\/li>\n\n\n\n<li><strong>Animaux accept\u00e9s sur demande<\/strong><\/li>\n<\/ul>\n\n\n\n<div style=\"height:40px\" aria-hidden=\"true\" class=\"wp-block-spacer\"><\/div>\n\n\n\n<ul class=\"wp-block-list has-medium-font-size\">\n<li><strong>R\u00e9servez \u00e0 Gran Tauro Villa <a href=\"https:\/\/www.booking.com\/hotel\/es\/gc-tauro-villa.fr.html?aid=1651010&amp;no_rooms=1&amp;group_adults=2&amp;group_children=2\" target=\"_blank\" rel=\"noreferrer noopener\">ICI<\/a><\/strong><\/li>\n<\/ul>\n\n\n\n<div style=\"height:39px\" aria-hidden=\"true\" class=\"wp-block-spacer\"><\/div>\n\n\n\n<figure class=\"wp-block-image aligncenter size-full\"><img loading=\"lazy\" decoding=\"async\" width=\"1080\" height=\"1350\" src=\"https:\/\/viajandodo.com\/wp-content\/uploads\/2022\/09\/alojamientos-familiares-en-Gran-Canaria-Villa-Tauro-.jpg\" alt=\"\" class=\"wp-image-28948\" srcset=\"https:\/\/viajandodo.com\/wp-content\/uploads\/2022\/09\/alojamientos-familiares-en-Gran-Canaria-Villa-Tauro-.jpg 1080w, https:\/\/viajandodo.com\/wp-content\/uploads\/2022\/09\/alojamientos-familiares-en-Gran-Canaria-Villa-Tauro--300x375.jpg 300w, https:\/\/viajandodo.com\/wp-content\/uploads\/2022\/09\/alojamientos-familiares-en-Gran-Canaria-Villa-Tauro--600x750.jpg 600w, https:\/\/viajandodo.com\/wp-content\/uploads\/2022\/09\/alojamientos-familiares-en-Gran-Canaria-Villa-Tauro--768x960.jpg 768w, https:\/\/viajandodo.com\/wp-content\/uploads\/2022\/09\/alojamientos-familiares-en-Gran-Canaria-Villa-Tauro--149x186.jpg 149w\" sizes=\"(max-width: 1080px) 100vw, 1080px\" \/><\/figure>\n\n\n\n<div style=\"height:50px\" aria-hidden=\"true\" class=\"wp-block-spacer\"><\/div>\n\n\n\n<hr class=\"wp-block-separator has-alpha-channel-opacity\"\/>\n\n\n\n<p class=\"has-text-align-center has-background\" style=\"background-color:#ffedd3;font-size:24px\"><strong>+ de logements familiaux \u00e0 Grande Canarie  <\/strong><a href=\"https:\/\/www.booking.com\/searchresults.es.html?region=754&amp;aid=1651009&amp;no_rooms=1&amp;group_adults=2&amp;group_children=2&amp;room1=A%2CA%2C3%2C6\" target=\"_blank\" rel=\"noreferrer noopener\"><strong>ICI<\/strong><\/a><\/p>\n\n\n\n<hr class=\"wp-block-separator has-alpha-channel-opacity\"\/>\n\n\n\n<div style=\"height:50px\" aria-hidden=\"true\" class=\"wp-block-spacer\"><\/div>\n\n\n\n<h2 class=\"wp-block-heading has-text-align-center\"><span class=\"ez-toc-section\" id=\"MEILLEURS_RESORTS_OU_DORMIR_AU_GRANDE_CANARIE_AVEC_DES_ENFANTS\"><\/span><strong>MEILLEURS RESORTS O\u00d9 DORMIR AU GRANDE CANARIE AVEC DES ENFANTS<\/strong><span class=\"ez-toc-section-end\"><\/span><\/h2>\n\n\n\n<div style=\"height:50px\" aria-hidden=\"true\" class=\"wp-block-spacer\"><\/div>\n\n\n\n<h3 class=\"wp-block-heading has-text-align-center\"><span class=\"ez-toc-section\" id=\"Lopesan_Baobab_Resort\"><\/span><strong><strong>Lopesan Baobab Resort<\/strong><\/strong><span class=\"ez-toc-section-end\"><\/span><\/h3>\n\n\n\n<div style=\"height:30px\" aria-hidden=\"true\" class=\"wp-block-spacer\"><\/div>\n\n\n\n<p>Le <strong>Lopesan Baobab Resort<\/strong> se distingue par son <strong>d\u00e9cor unique d&rsquo;inspiration africaine<\/strong>, alli\u00e9 \u00e0 un design tropical moderne. Situ\u00e9 \u00e0 <strong>Meloneras<\/strong>, \u00e0 seulement 600 m\u00e8tres de la plage de Maspalomas, il est sans conteste l&rsquo;un des <strong>complexes h\u00f4teliers les plus complets et spectaculaires<\/strong> de l&rsquo;\u00eele, vous garantissant des vacances inoubliables.<\/p>\n\n\n\n<p>Voici quelques-unes des <strong>prestations<\/strong> offertes au <strong>Lopesan Baobab Resort<\/strong>&nbsp;:<\/p>\n\n\n\n<div style=\"height:40px\" aria-hidden=\"true\" class=\"wp-block-spacer\"><\/div>\n\n\n\n<ul class=\"wp-block-list\">\n<li><strong>\u00c0 10 minutes de la plage<\/strong><\/li>\n\n\n\n<li><strong>Chambres familiales jusqu&rsquo;\u00e0 5 personnes<\/strong><\/li>\n\n\n\n<li><strong>Lits b\u00e9b\u00e9 et lits d&rsquo;appoint disponibles gratuitement sur demande<\/strong><\/li>\n\n\n\n<li><strong>Aire de jeux pour enfants<\/strong><\/li>\n\n\n\n<li><strong>9 piscines chauff\u00e9es<\/strong><\/li>\n\n\n\n<li><strong>Jardins tropicaux<\/strong><\/li>\n\n\n\n<li><strong>Petit-d\u00e9jeuner buffet<\/strong><\/li>\n\n\n\n<li><strong>4 restaurants<\/strong><\/li>\n\n\n\n<li><strong>Centre de remise en forme<\/strong><\/li>\n\n\n\n<li><strong>Parking priv\u00e9 gratuit<\/strong><\/li>\n\n\n\n<li><strong>Wi-Fi gratuit<\/strong><\/li>\n\n\n\n<li>Transfert a\u00e9roport (en suppl\u00e9ment)<\/li>\n<\/ul>\n\n\n\n<div style=\"height:40px\" aria-hidden=\"true\" class=\"wp-block-spacer\"><\/div>\n\n\n\n<ul class=\"wp-block-list has-medium-font-size\">\n<li><strong>R\u00e9servez au<\/strong> <strong>Lopesan Baobab Resort <a href=\"https:\/\/www.booking.com\/hotel\/es\/lopesan-baobab-resort.fr.html?aid=1651010&amp;no_rooms=1&amp;group_adults=2&amp;group_children=2\" target=\"_blank\" rel=\"noreferrer noopener\">ICI<\/a><\/strong><\/li>\n<\/ul>\n\n\n\n<div style=\"height:40px\" aria-hidden=\"true\" class=\"wp-block-spacer\"><\/div>\n\n\n\n<figure class=\"wp-block-image aligncenter size-full\"><img loading=\"lazy\" decoding=\"async\" width=\"1080\" height=\"1350\" src=\"https:\/\/viajandodo.com\/wp-content\/uploads\/2022\/09\/alojarse-en-Gran-Canaria-con-nin\u0303os-Lopesan.jpg\" alt=\"\" class=\"wp-image-28951\" srcset=\"https:\/\/viajandodo.com\/wp-content\/uploads\/2022\/09\/alojarse-en-Gran-Canaria-con-nin\u0303os-Lopesan.jpg 1080w, https:\/\/viajandodo.com\/wp-content\/uploads\/2022\/09\/alojarse-en-Gran-Canaria-con-nin\u0303os-Lopesan-300x375.jpg 300w, https:\/\/viajandodo.com\/wp-content\/uploads\/2022\/09\/alojarse-en-Gran-Canaria-con-nin\u0303os-Lopesan-600x750.jpg 600w, https:\/\/viajandodo.com\/wp-content\/uploads\/2022\/09\/alojarse-en-Gran-Canaria-con-nin\u0303os-Lopesan-768x960.jpg 768w, https:\/\/viajandodo.com\/wp-content\/uploads\/2022\/09\/alojarse-en-Gran-Canaria-con-nin\u0303os-Lopesan-149x186.jpg 149w\" sizes=\"(max-width: 1080px) 100vw, 1080px\" \/><\/figure>\n\n\n\n<div style=\"height:80px\" aria-hidden=\"true\" class=\"wp-block-spacer\"><\/div>\n\n\n\n<h3 class=\"wp-block-heading has-text-align-center\"><span class=\"ez-toc-section\" id=\"Gloria_Palace_Amadores_Thalasso_Hotel\"><\/span><strong>Gloria Palace Amadores Thalasso &amp; Hotel<\/strong><span class=\"ez-toc-section-end\"><\/span><\/h3>\n\n\n\n<div style=\"height:30px\" aria-hidden=\"true\" class=\"wp-block-spacer\"><\/div>\n\n\n\n<p>Situ\u00e9 \u00e0 La Palma, \u00e0 seulement 6 minutes \u00e0 pied de la plage, ce complexe h\u00f4telier b\u00e9n\u00e9ficie d&rsquo;un emplacement exceptionnel, perch\u00e9 sur une falaise entre deux des plus belles plages de l&rsquo;\u00eele&nbsp;: <strong>Playa Amadores et Playa de Puerto Rico.<\/strong><\/p>\n\n\n\n<p>Parmi les <strong>prestations et services<\/strong> propos\u00e9s au <strong>Gloria Palace Amadores Thalasso &amp; Hotel,<\/strong> vous trouverez&nbsp;:<\/p>\n\n\n\n<div style=\"height:30px\" aria-hidden=\"true\" class=\"wp-block-spacer\"><\/div>\n\n\n\n<ul class=\"wp-block-list\">\n<li><strong>Chambres familiales<\/strong><\/li>\n\n\n\n<li><strong>Spectacles pour enfants et adultes<\/strong><\/li>\n\n\n\n<li><strong>Club enfants<\/strong><\/li>\n\n\n\n<li><strong>Aire de jeux<\/strong><\/li>\n\n\n\n<li><strong>Jeux pour enfants et familles<\/strong><\/li>\n\n\n\n<li><strong>Piscine \u00e0 d\u00e9bordement avec vue sur la mer<\/strong><\/li>\n\n\n\n<li><strong>Jeux aquatiques pour enfants<\/strong><\/li>\n\n\n\n<li><strong>Restaurant\/Snack-bar<\/strong><\/li>\n\n\n\n<li><strong>Menu enfant<\/strong><\/li>\n\n\n\n<li><strong>Petit-d\u00e9jeuner continental\/buffet<\/strong><\/li>\n\n\n\n<li><strong>Centre de remise en forme<\/strong><\/li>\n\n\n\n<li><strong>\u00c0 6 minutes \u00e0 pied de la plage<\/strong><\/li>\n\n\n\n<li><strong>Wi-Fi gratuit<\/strong><\/li>\n\n\n\n<li><strong>Animaux de compagnie bienvenus<\/strong><\/li>\n\n\n\n<li><strong>Navette a\u00e9roport (en suppl\u00e9ment)<\/strong><\/li>\n<\/ul>\n\n\n\n<div style=\"height:40px\" aria-hidden=\"true\" class=\"wp-block-spacer\"><\/div>\n\n\n\n<ul class=\"wp-block-list has-medium-font-size\">\n<li><strong>R\u00e9servez au Gloria Palace Amadores Thalasso &amp; Hotel <a href=\"https:\/\/www.booking.com\/hotel\/es\/gloria-palace-amadores.fr.html?aid=1651010&amp;no_rooms=1&amp;group_adults=2&amp;group_children=2\" target=\"_blank\" rel=\"noreferrer noopener\">ICI<\/a><\/strong><\/li>\n<\/ul>\n\n\n\n<div style=\"height:40px\" aria-hidden=\"true\" class=\"wp-block-spacer\"><\/div>\n\n\n\n<figure class=\"wp-block-image aligncenter size-full\"><img loading=\"lazy\" decoding=\"async\" width=\"1080\" height=\"1350\" src=\"https:\/\/viajandodo.com\/wp-content\/uploads\/2022\/09\/hoteles-en-Gran-Canaria-con-nin\u0303os-Gloria-Palace-.jpg\" alt=\"\" class=\"wp-image-28954\" srcset=\"https:\/\/viajandodo.com\/wp-content\/uploads\/2022\/09\/hoteles-en-Gran-Canaria-con-nin\u0303os-Gloria-Palace-.jpg 1080w, https:\/\/viajandodo.com\/wp-content\/uploads\/2022\/09\/hoteles-en-Gran-Canaria-con-nin\u0303os-Gloria-Palace--300x375.jpg 300w, https:\/\/viajandodo.com\/wp-content\/uploads\/2022\/09\/hoteles-en-Gran-Canaria-con-nin\u0303os-Gloria-Palace--600x750.jpg 600w, https:\/\/viajandodo.com\/wp-content\/uploads\/2022\/09\/hoteles-en-Gran-Canaria-con-nin\u0303os-Gloria-Palace--768x960.jpg 768w, https:\/\/viajandodo.com\/wp-content\/uploads\/2022\/09\/hoteles-en-Gran-Canaria-con-nin\u0303os-Gloria-Palace--149x186.jpg 149w\" sizes=\"(max-width: 1080px) 100vw, 1080px\" \/><\/figure>\n\n\n\n<div style=\"height:80px\" aria-hidden=\"true\" class=\"wp-block-spacer\"><\/div>\n\n\n\n<h3 class=\"wp-block-heading has-text-align-center\"><span class=\"ez-toc-section\" id=\"Abora_Interclub_Atlantic_by_Lopesan_Hotels\"><\/span><strong>Abora Interclub Atlantic by Lopesan Hotels<\/strong><span class=\"ez-toc-section-end\"><\/span><\/h3>\n\n\n\n<div style=\"height:30px\" aria-hidden=\"true\" class=\"wp-block-spacer\"><\/div>\n\n\n\n<p><strong>L&rsquo;Abora Interclub Atlantic est situ\u00e9 \u00e0 San Agust\u00edn<\/strong>, plus pr\u00e9cis\u00e9ment \u00e0 Los Jazmines, \u00e0 seulement 5 minutes \u00e0 pied de la plage. Il dispose de piscines ext\u00e9rieures et est id\u00e9al pour les enfants, avec des jeux, des activit\u00e9s sportives collectives et des spectacles pour les plus petits. Un club enfants propose d&rsquo;ailleurs des activit\u00e9s pour les enfants et les adolescents.<\/p>\n\n\n\n<p>Voici quelques-uns des <strong>\u00e9quipements<\/strong> dont vous pourrez profiter \u00e0 l&rsquo;<strong>Abora Interclub Atlantic&nbsp;:<\/strong><\/p>\n\n\n\n<div style=\"height:40px\" aria-hidden=\"true\" class=\"wp-block-spacer\"><\/div>\n\n\n\n<ul class=\"wp-block-list\">\n<li><strong>Chambres familiales<\/strong><\/li>\n\n\n\n<li><strong>Animations pour enfants<\/strong><\/li>\n\n\n\n<li><strong>Aire de jeux et club enfants<\/strong><\/li>\n\n\n\n<li><strong>Petit-d\u00e9jeuner continental\/buffet<\/strong><\/li>\n\n\n\n<li><strong>Buffet pour enfants<\/strong><\/li>\n\n\n\n<li><strong>Transfert a\u00e9roport (en suppl\u00e9ment)<\/strong><\/li>\n\n\n\n<li><strong>\u00c0 5 minutes \u00e0 pied de la plage<\/strong><\/li>\n\n\n\n<li><strong>Wi-Fi gratuit<\/strong><\/li>\n\n\n\n<li><strong>4 piscines chauff\u00e9es, dont une pour enfants<\/strong><\/li>\n\n\n\n<li><strong>Services de bien-\u00eatre<\/strong><\/li>\n\n\n\n<li><strong>Restaurant\/Snack-bar<\/strong><\/li>\n\n\n\n<li><strong>Parking (en suppl\u00e9ment)<\/strong><\/li>\n<\/ul>\n\n\n\n<div style=\"height:40px\" aria-hidden=\"true\" class=\"wp-block-spacer\"><\/div>\n\n\n\n<ul class=\"wp-block-list has-medium-font-size\">\n<li><strong>R\u00e9servez dans le Abora Interclub Atlantic by Lopesan Hotels <\/strong><a href=\"https:\/\/www.booking.com\/hotel\/es\/ifa-interclub-atlantic.fr.html?aid=1651010&amp;no_rooms=1&amp;group_adults=2&amp;group_children=2\" target=\"_blank\" rel=\"noreferrer noopener\"><strong>ICI<\/strong><\/a><\/li>\n<\/ul>\n\n\n\n<div style=\"height:40px\" aria-hidden=\"true\" class=\"wp-block-spacer\"><\/div>\n\n\n\n<figure class=\"wp-block-image aligncenter size-full\"><img loading=\"lazy\" decoding=\"async\" width=\"1080\" height=\"1350\" src=\"https:\/\/viajandodo.com\/wp-content\/uploads\/2022\/09\/alojarse-en-Gran-Canaria-con-nin\u0303os-Abora-Interclub-Atlantic-.jpg\" alt=\"\" class=\"wp-image-28955\" srcset=\"https:\/\/viajandodo.com\/wp-content\/uploads\/2022\/09\/alojarse-en-Gran-Canaria-con-nin\u0303os-Abora-Interclub-Atlantic-.jpg 1080w, https:\/\/viajandodo.com\/wp-content\/uploads\/2022\/09\/alojarse-en-Gran-Canaria-con-nin\u0303os-Abora-Interclub-Atlantic--300x375.jpg 300w, https:\/\/viajandodo.com\/wp-content\/uploads\/2022\/09\/alojarse-en-Gran-Canaria-con-nin\u0303os-Abora-Interclub-Atlantic--600x750.jpg 600w, https:\/\/viajandodo.com\/wp-content\/uploads\/2022\/09\/alojarse-en-Gran-Canaria-con-nin\u0303os-Abora-Interclub-Atlantic--768x960.jpg 768w, https:\/\/viajandodo.com\/wp-content\/uploads\/2022\/09\/alojarse-en-Gran-Canaria-con-nin\u0303os-Abora-Interclub-Atlantic--149x186.jpg 149w\" sizes=\"(max-width: 1080px) 100vw, 1080px\" \/><\/figure>\n\n\n\n<div style=\"height:80px\" aria-hidden=\"true\" class=\"wp-block-spacer\"><\/div>\n\n\n\n<h3 class=\"wp-block-heading has-text-align-center\"><span class=\"ez-toc-section\" id=\"Hotel_Riu_Gran_Canaria\"><\/span><strong>Hotel Riu Gran Canaria<\/strong><span class=\"ez-toc-section-end\"><\/span><\/h3>\n\n\n\n<div style=\"height:30px\" aria-hidden=\"true\" class=\"wp-block-spacer\"><\/div>\n\n\n\n<p><strong>Situ\u00e9 dans le quartier de Maspalomas<\/strong>, cet h\u00f4tel b\u00e9n\u00e9ficie d&rsquo;un emplacement privil\u00e9gi\u00e9 en bord de mer. Il propose de nombreux \u00e9quipements, dont un parking gratuit, une salle de sport, une piscine ext\u00e9rieure, un bain \u00e0 remous, une aire de jeux pour enfants et bien plus encore.<\/p>\n\n\n\n<p>Voici quelques-uns des <strong>services dont vous pourrez profiter \u00e0 l&rsquo;h\u00f4tel Riu Gran Canaria&nbsp;:<\/strong><\/p>\n\n\n\n<div style=\"height:40px\" aria-hidden=\"true\" class=\"wp-block-spacer\"><\/div>\n\n\n\n<ul class=\"wp-block-list\">\n<li><strong>En bord de mer<\/strong><\/li>\n\n\n\n<li><strong>Chambres familiales<\/strong><\/li>\n\n\n\n<li><strong>5 piscines chauff\u00e9es &#8211; 2 pataugeoires<\/strong><\/li>\n\n\n\n<li><strong>Aire de jeux pour enfants<\/strong><\/li>\n\n\n\n<li><strong>Espace de jeux int\u00e9rieur pour toute la famille<\/strong><\/li>\n\n\n\n<li><strong>Petit-d\u00e9jeuner buffet<\/strong><\/li>\n\n\n\n<li><strong>Wi-Fi gratuit<\/strong><\/li>\n\n\n\n<li><strong>Restaurant<\/strong><\/li>\n\n\n\n<li><strong>Services de bien-\u00eatre<\/strong><\/li>\n\n\n\n<li><strong>Parking gratuit<\/strong><\/li>\n<\/ul>\n\n\n\n<div style=\"height:40px\" aria-hidden=\"true\" class=\"wp-block-spacer\"><\/div>\n\n\n\n<ul class=\"wp-block-list has-medium-font-size\">\n<li><strong>R\u00e9servez \u00e0 l&rsquo;Hotel Riu Gran Canaria <\/strong><a href=\"https:\/\/www.booking.com\/hotel\/es\/riu-gran-canaria-all-inclusive.fr.html?aid=1651010&amp;no_rooms=1&amp;group_adults=2&amp;group_children=2\" target=\"_blank\" rel=\"noreferrer noopener\"><strong>ICI<\/strong><\/a><\/li>\n<\/ul>\n\n\n\n<div style=\"height:40px\" aria-hidden=\"true\" class=\"wp-block-spacer\"><\/div>\n\n\n\n<figure class=\"wp-block-image aligncenter size-full\"><img loading=\"lazy\" decoding=\"async\" width=\"1080\" height=\"1350\" src=\"https:\/\/viajandodo.com\/wp-content\/uploads\/2022\/09\/dormir-en-Gran-Canaria-con-nin\u0303os-Riu.jpg\" alt=\"\" class=\"wp-image-28956\" srcset=\"https:\/\/viajandodo.com\/wp-content\/uploads\/2022\/09\/dormir-en-Gran-Canaria-con-nin\u0303os-Riu.jpg 1080w, https:\/\/viajandodo.com\/wp-content\/uploads\/2022\/09\/dormir-en-Gran-Canaria-con-nin\u0303os-Riu-300x375.jpg 300w, https:\/\/viajandodo.com\/wp-content\/uploads\/2022\/09\/dormir-en-Gran-Canaria-con-nin\u0303os-Riu-600x750.jpg 600w, https:\/\/viajandodo.com\/wp-content\/uploads\/2022\/09\/dormir-en-Gran-Canaria-con-nin\u0303os-Riu-768x960.jpg 768w, https:\/\/viajandodo.com\/wp-content\/uploads\/2022\/09\/dormir-en-Gran-Canaria-con-nin\u0303os-Riu-149x186.jpg 149w\" sizes=\"(max-width: 1080px) 100vw, 1080px\" \/><\/figure>\n\n\n\n<div style=\"height:80px\" aria-hidden=\"true\" class=\"wp-block-spacer\"><\/div>\n\n\n\n<h3 class=\"wp-block-heading has-text-align-center\"><span class=\"ez-toc-section\" id=\"Hotel_Cordial_Mogan\"><\/span><strong>Hotel Cordial Mog\u00e1n<\/strong><span class=\"ez-toc-section-end\"><\/span><\/h3>\n\n\n\n<div style=\"height:30px\" aria-hidden=\"true\" class=\"wp-block-spacer\"><\/div>\n\n\n\n<p>Situ\u00e9 sur l&rsquo;Avenida Los Marrero \u00e0 <strong>Puerto de Mog\u00e1n, \u00e0 seulement 7 minutes \u00e0 pied de la plage<\/strong>, cet h\u00f4tel est l&rsquo;un des plus originaux de notre s\u00e9lection, avec une architecture \u00e9voquant un village canarien. Il abrite de vastes jardins tropicaux, un spa, de spacieuses chambres familiales avec balcon et des piscines ext\u00e9rieures. De plus, il dispose d&rsquo;<strong>un restaurant \u00e0 la carte \u00e9toil\u00e9 au Guide Michelin, Los Guayres.<\/strong><\/p>\n\n\n\n<p>Voici quelques-uns des <strong>\u00e9quipements et services propos\u00e9s \u00e0 l&rsquo;H\u00f4tel Cordial Mog\u00e1n&nbsp;:<\/strong><\/p>\n\n\n\n<div style=\"height:40px\" aria-hidden=\"true\" class=\"wp-block-spacer\"><\/div>\n\n\n\n<ul class=\"wp-block-list\">\n<li><strong>Chambres familiales<\/strong><\/li>\n\n\n\n<li><strong>Spa et centre de bien-\u00eatre<\/strong><\/li>\n\n\n\n<li><strong>2 piscines ext\u00e9rieures chauff\u00e9es<\/strong><\/li>\n\n\n\n<li><strong>Piscine pour enfants<\/strong><\/li>\n\n\n\n<li><strong>Aires de jeux pour enfants<\/strong><\/li>\n\n\n\n<li><strong>Lit b\u00e9b\u00e9 gratuit sur demande<\/strong><\/li>\n\n\n\n<li><strong>Petit-d\u00e9jeuner buffet<\/strong><\/li>\n\n\n\n<li><strong>\u00c0 7 minutes \u00e0 pied de la plage<\/strong><\/li>\n\n\n\n<li><strong>Services de bien-\u00eatre<\/strong><\/li>\n\n\n\n<li><strong>Restaurant<\/strong><\/li>\n\n\n\n<li><strong>Wi-Fi gratuit<\/strong><\/li>\n\n\n\n<li><strong>Parking gratuit<\/strong><\/li>\n<\/ul>\n\n\n\n<div style=\"height:40px\" aria-hidden=\"true\" class=\"wp-block-spacer\"><\/div>\n\n\n\n<ul class=\"wp-block-list has-medium-font-size\">\n<li><strong>R\u00e9servez dans l&rsquo;Hotel Cordial Mog\u00e1n <a href=\"https:\/\/www.booking.com\/hotel\/es\/cordial-mogan-playa.fr.html?aid=1651010&amp;no_rooms=1&amp;group_adults=2&amp;group_children=2\" target=\"_blank\" rel=\"noreferrer noopener\">ICI<\/a><\/strong><\/li>\n<\/ul>\n\n\n\n<div style=\"height:40px\" aria-hidden=\"true\" class=\"wp-block-spacer\"><\/div>\n\n\n\n<figure class=\"wp-block-image aligncenter size-full\"><img loading=\"lazy\" decoding=\"async\" width=\"1080\" height=\"1350\" src=\"https:\/\/viajandodo.com\/wp-content\/uploads\/2022\/09\/alojarse-en-Gran-Canaria-con-nin\u0303os-Mogan.jpg\" alt=\"\" class=\"wp-image-28957\" srcset=\"https:\/\/viajandodo.com\/wp-content\/uploads\/2022\/09\/alojarse-en-Gran-Canaria-con-nin\u0303os-Mogan.jpg 1080w, https:\/\/viajandodo.com\/wp-content\/uploads\/2022\/09\/alojarse-en-Gran-Canaria-con-nin\u0303os-Mogan-300x375.jpg 300w, https:\/\/viajandodo.com\/wp-content\/uploads\/2022\/09\/alojarse-en-Gran-Canaria-con-nin\u0303os-Mogan-600x750.jpg 600w, https:\/\/viajandodo.com\/wp-content\/uploads\/2022\/09\/alojarse-en-Gran-Canaria-con-nin\u0303os-Mogan-768x960.jpg 768w, https:\/\/viajandodo.com\/wp-content\/uploads\/2022\/09\/alojarse-en-Gran-Canaria-con-nin\u0303os-Mogan-149x186.jpg 149w\" sizes=\"(max-width: 1080px) 100vw, 1080px\" \/><\/figure>\n\n\n\n<div style=\"height:80px\" aria-hidden=\"true\" class=\"wp-block-spacer\"><\/div>\n\n\n\n<h3 class=\"wp-block-heading has-text-align-center\"><span class=\"ez-toc-section\" id=\"HD_Parque_Cristobal_Gran_Canaria\"><\/span><strong>HD Parque Cristobal Gran Canaria<\/strong><span class=\"ez-toc-section-end\"><\/span><\/h3>\n\n\n\n<div style=\"height:30px\" aria-hidden=\"true\" class=\"wp-block-spacer\"><\/div>\n\n\n\n<p><strong>L&rsquo;h\u00f4tel HD Parque Crist\u00f3bal Gran Canaria<\/strong> est situ\u00e9 en <strong>plein c\u0153ur de la c\u00e9l\u00e8bre Playa del Ingl\u00e9s<\/strong>. Les magnifiques plages du sud de Gran Canaria sont \u00e0 deux pas.<\/p>\n\n\n\n<p>Outre son emplacement id\u00e9al, l&rsquo;h\u00f4tel propose des <strong>bungalows familiaux <\/strong>spacieux et adapt\u00e9s aux enfants, de grandes piscines ext\u00e9rieures, des jardins tropicaux et des animations pour les plus jeunes. C&rsquo;est sans aucun doute l&rsquo;un des <strong>meilleurs choix pour les familles \u00e0 Gran Canaria.<\/strong><\/p>\n\n\n\n<p>Voici quelques-uns des <strong>services<\/strong> propos\u00e9s \u00e0 l&rsquo;<strong>h\u00f4tel HD Parque Crist\u00f3bal Gran Canaria&nbsp;:<\/strong><\/p>\n\n\n\n<div style=\"height:40px\" aria-hidden=\"true\" class=\"wp-block-spacer\"><\/div>\n\n\n\n<ul class=\"wp-block-list\">\n<li><strong>Bungalows familiaux enti\u00e8rement \u00e9quip\u00e9s<\/strong><\/li>\n\n\n\n<li><strong>Chambres familiales \u00e0 la d\u00e9coration ludique et adapt\u00e9e aux enfants<\/strong><\/li>\n\n\n\n<li><strong>Spa et centre de bien-\u00eatre<\/strong><\/li>\n\n\n\n<li><strong>2 piscines ext\u00e9rieures chauff\u00e9es<\/strong><\/li>\n\n\n\n<li><strong>Piscine pour enfants avec toboggans et jeux d&rsquo;eau<\/strong><\/li>\n\n\n\n<li><strong>Aires de jeux pour enfants<\/strong><\/li>\n\n\n\n<li><strong>Restaurant et menu enfant<\/strong><\/li>\n\n\n\n<li><strong>Petit-d\u00e9jeuner buffet<\/strong><\/li>\n\n\n\n<li><strong>Services de bien-\u00eatre disponibles avec suppl\u00e9ment<\/strong><\/li>\n\n\n\n<li><strong>Activit\u00e9s nautiques disponibles avec suppl\u00e9ment<\/strong><\/li>\n\n\n\n<li><strong>Wi-Fi gratuit<\/strong><\/li>\n\n\n\n<li><strong>Parking gratuit<\/strong><\/li>\n<\/ul>\n\n\n\n<div style=\"height:40px\" aria-hidden=\"true\" class=\"wp-block-spacer\"><\/div>\n\n\n\n<ul class=\"wp-block-list has-medium-font-size\">\n<li><strong>R\u00e9servez au HD Parque Cristobal Gran Canaria <a href=\"https:\/\/www.booking.com\/hotel\/es\/parque-cristobal-gran-canaria.fr.html?aid=1651010&amp;no_rooms=1&amp;group_adults=2&amp;group_children=2\" target=\"_blank\" rel=\"noreferrer noopener\">ICI<\/a><\/strong><\/li>\n<\/ul>\n\n\n\n<div style=\"height:40px\" aria-hidden=\"true\" class=\"wp-block-spacer\"><\/div>\n\n\n\n<figure class=\"wp-block-image aligncenter size-full\"><img loading=\"lazy\" decoding=\"async\" width=\"1080\" height=\"1350\" src=\"https:\/\/viajandodo.com\/wp-content\/uploads\/2022\/09\/hoteles-para-familias-Gran-Canaria-HD-parque-Cristobal.jpg\" alt=\"\" class=\"wp-image-28958\" srcset=\"https:\/\/viajandodo.com\/wp-content\/uploads\/2022\/09\/hoteles-para-familias-Gran-Canaria-HD-parque-Cristobal.jpg 1080w, https:\/\/viajandodo.com\/wp-content\/uploads\/2022\/09\/hoteles-para-familias-Gran-Canaria-HD-parque-Cristobal-300x375.jpg 300w, https:\/\/viajandodo.com\/wp-content\/uploads\/2022\/09\/hoteles-para-familias-Gran-Canaria-HD-parque-Cristobal-600x750.jpg 600w, https:\/\/viajandodo.com\/wp-content\/uploads\/2022\/09\/hoteles-para-familias-Gran-Canaria-HD-parque-Cristobal-768x960.jpg 768w, https:\/\/viajandodo.com\/wp-content\/uploads\/2022\/09\/hoteles-para-familias-Gran-Canaria-HD-parque-Cristobal-149x186.jpg 149w\" sizes=\"(max-width: 1080px) 100vw, 1080px\" \/><\/figure>\n\n\n\n<div style=\"height:60px\" aria-hidden=\"true\" class=\"wp-block-spacer\"><\/div>\n\n\n\n<ul class=\"wp-block-list\">\n<li class=\"has-medium-font-size\"><strong>Voir tous les  RESORTS \u00e0 Gran Canaria pour les enfants <\/strong><a href=\"https:\/\/www.booking.com\/searchresults.fr.html?region=754&amp;nflt=ht_id%253D206&amp;aid=1651010&amp;no_rooms=1&amp;group_adults=2&amp;group_children=2\" target=\"_blank\" rel=\"noreferrer noopener\"><strong>ICI<\/strong><\/a><\/li>\n<\/ul>\n\n\n\n<div style=\"height:40px\" aria-hidden=\"true\" class=\"wp-block-spacer\"><\/div>\n\n\n\n<ul class=\"wp-block-list\">\n<li class=\"has-medium-font-size\"><strong>Comparez tous les h\u00e9bergements adapt\u00e9s aux familles \u00e0 Gran Canaria <\/strong><a href=\"https:\/\/www.booking.com\/searchresults.fr.html?region=754&amp;aid=1651010&amp;no_rooms=1&amp;group_adults=2&amp;group_children=2\" target=\"_blank\" rel=\"noreferrer noopener\"><strong>ICI<\/strong><\/a><\/li>\n<\/ul>\n\n\n\n<div style=\"height:80px\" aria-hidden=\"true\" class=\"wp-block-spacer\"><\/div>\n\n\n\n<hr class=\"wp-block-separator has-alpha-channel-opacity\"\/>\n\n\n\n<h2 class=\"wp-block-heading has-text-align-center\"><span class=\"ez-toc-section\" id=\"CARTE_INTERACTIVE_POUR_SEJOURNER_AVEC_DES_ENFANTS_A_GRANDE_CANARIE\"><\/span><strong>CARTE INTERACTIVE POUR S\u00c9JOURNER AVEC DES ENFANTS \u00c0 GRANDE CANARIE<\/strong><span class=\"ez-toc-section-end\"><\/span><\/h2>\n\n\n\n<div style=\"height:50px\" aria-hidden=\"true\" class=\"wp-block-spacer\"><\/div>\n\n\n\n<p align=\"center\"><iframe src=\"https:\/\/www.google.com\/maps\/d\/embed?mid=1J1mQou-hFkyWFtHOQa8k2s4QKWz1jus&amp;ehbc=2E312F\" width=\"640\" height=\"480\"><\/iframe><\/p>\n\n\n\n<div style=\"height:50px\" aria-hidden=\"true\" class=\"wp-block-spacer\"><\/div>\n\n\n\n<hr class=\"wp-block-separator has-alpha-channel-opacity\"\/>\n\n\n\n<p class=\"has-text-align-center has-white-color has-text-color has-background\" style=\"background-color:#00633f;font-size:28px\"><strong>% sur VOTRE ASSURANCE VOYAGE FAMILIALE<\/strong><\/p>\n\n\n\n<div style=\"height:10px\" aria-hidden=\"true\" class=\"wp-block-spacer\"><\/div>\n\n\n\n<figure class=\"wp-block-image aligncenter size-full is-resized\"><a href=\"https:\/\/heymondo.fr\/?utm_medium=Afiliado&amp;utm_source=VIAJANDODOFR&amp;utm_campaign=PRINCIPAL&amp;cod_descuento=VIAJANDODOFR&amp;ag_campaign=ENTR%C3%89E&amp;agencia=vbjWR9OscP9dooXcd6uOffBRCFGd10nPx3PH9SJa\" target=\"_blank\" rel=\"noreferrer noopener\"><img loading=\"lazy\" decoding=\"async\" width=\"1080\" height=\"1350\" src=\"https:\/\/viajandodo.com\/wp-content\/uploads\/2026\/02\/@viajandodo.png\" alt=\"\" class=\"wp-image-38007\" style=\"width:556px;height:auto\" srcset=\"https:\/\/viajandodo.com\/wp-content\/uploads\/2026\/02\/@viajandodo.png 1080w, https:\/\/viajandodo.com\/wp-content\/uploads\/2026\/02\/@viajandodo-768x960.png 768w, https:\/\/viajandodo.com\/wp-content\/uploads\/2026\/02\/@viajandodo-300x375.png 300w, https:\/\/viajandodo.com\/wp-content\/uploads\/2026\/02\/@viajandodo-600x750.png 600w\" sizes=\"(max-width: 1080px) 100vw, 1080px\" \/><\/a><\/figure>\n\n\n\n<div style=\"height:30px\" aria-hidden=\"true\" class=\"wp-block-spacer\"><\/div>\n\n\n\n<hr class=\"wp-block-separator has-alpha-channel-opacity\"\/>\n\n\n\n<p class=\"has-text-align-center has-white-color has-text-color has-background\" style=\"background-color:#333636;font-size:28px\"><strong>VOYAGER EN FAMILLE MOINS CHER<\/strong><\/p>\n\n\n\n<div style=\"height:30px\" aria-hidden=\"true\" class=\"wp-block-spacer\"><\/div>\n\n\n\n<figure class=\"wp-block-table\"><table class=\"has-fixed-layout\"><tbody><tr><td class=\"has-text-align-left\" data-align=\"left\"><strong><a href=\"https:\/\/clk.tradedoubler.com\/click?p=15407&amp;a=3092965\">Trouvez les meilleures offres de vols.<\/a><\/strong> N&rsquo;oubliez pas d&rsquo;examiner attentivement toutes les options.<br><br><strong><a href=\"https:\/\/www.civitatis.com\/es\/traslados\/?aid=11976\">Vos transferts a\u00e9roport-h\u00f4tel <\/a><\/strong>dans le monde entier<br><br><strong><a href=\"https:\/\/clk.tradedoubler.com\/click?p=74391&amp;a=3092965\">Louez votre voiture aux meilleures conditions<\/a><\/strong> et voyagez \u00e0 votre rythme.<br><br><a href=\"https:\/\/www.booking.com\/index.html?aid=1651010\"><strong>R\u00e9servez les meilleurs h\u00e9bergements au meilleur prix<\/strong>,<\/a> adapt\u00e9s aux familles et avec annulation gratuite dans de nombreux cas.<br><br><strong><a href=\"https:\/\/www.civitatis.com\/es\/?aid=11976\">R\u00e9servez les meilleures visites et excursions<\/a><\/strong> \u00e0 travers le monde, en fran\u00e7ais, pour ne rien manquer avec vos enfants.<br><br><strong>\u00c9conomisez <a href=\"https:\/\/heymondo.fr\/?utm_medium=Afiliado&amp;utm_source=VIAJANDODOFR&amp;utm_campaign=PRINCIPAL&amp;cod_descuento=VIAJANDODOFR&amp;ag_campaign=ENTR\u00c9E&amp;agencia=vbjWR9OscP9dooXcd6uOffBRCFGd10nPx3PH9SJa\">15 % + 5 % sur votre assurance voyage familiale.<\/a><\/strong> Ajoutez une garantie annulation \u00e0 vos options compl\u00e9mentaires, au cas o\u00f9.<br><br><strong><a href=\"https:\/\/viajandodo.com\/tienda\/\">Achetez tout ce dont vous avez besoin pour votre voyage<\/a> dans la boutique Viajandodo<\/strong><br><\/td><\/tr><\/tbody><\/table><\/figure>\n\n\n\n<div style=\"height:30px\" aria-hidden=\"true\" class=\"wp-block-spacer\"><\/div>\n\n\n\n<hr class=\"wp-block-separator has-alpha-channel-opacity\"\/>\n\n\n\n<p class=\"has-text-align-center has-white-color has-text-color has-background\" style=\"background-color:#0c4061;font-size:28px\"><strong>VOUS POURRIEZ \u00c9GALEMENT \u00caTRE INT\u00c9RESS\u00c9 <\/strong><\/p>\n\n\n\n<div style=\"height:40px\" aria-hidden=\"true\" class=\"wp-block-spacer\"><\/div>\n\n\n\n<p class=\"has-text-align-center\" style=\"font-size:28px\"><a href=\"https:\/\/viajandodo.com\/fr\/ou-sejourner-majorque-enfants\/\" target=\"_blank\" rel=\"noreferrer noopener\"><strong>O\u00f9 s\u00e9journer \u00e0 Majorque avec des enfants<\/strong><\/a><\/p>\n\n\n\n<div style=\"height:30px\" aria-hidden=\"true\" class=\"wp-block-spacer\"><\/div>\n\n\n\n<p class=\"has-text-align-center\" style=\"font-size:28px\"><a href=\"https:\/\/viajandodo.com\/fr\/ou-sejourner-minorque-enfants\/\" target=\"_blank\" rel=\"noreferrer noopener\"><strong>O\u00f9 s\u00e9journer \u00e0 Minorque avec des enfants<\/strong><\/a><\/p>\n\n\n\n<div style=\"height:30px\" aria-hidden=\"true\" class=\"wp-block-spacer\"><\/div>\n\n\n\n<p class=\"has-text-align-center\" style=\"font-size:28px\"><a href=\"https:\/\/viajandodo.com\/fr\/dormir-ibiza-enfants\/\" target=\"_blank\" rel=\"noreferrer noopener\"><strong>Meilleurs logements \u00e0 Ibiza en famille<\/strong><\/a><\/p>\n\n\n\n<div style=\"height:30px\" aria-hidden=\"true\" class=\"wp-block-spacer\"><\/div>\n\n\n\n<p class=\"has-text-align-center\" style=\"font-size:28px\"><a href=\"https:\/\/viajandodo.com\/alojarse-formentera-ninos-zonas\/\" target=\"_blank\" rel=\"noreferrer noopener\"><strong>O\u00f9 dormir \u00e0 Formentera avec des enfants<\/strong><\/a><\/p>\n\n\n\n<div style=\"height:40px\" aria-hidden=\"true\" class=\"wp-block-spacer\"><\/div>\n\n\n\n<hr class=\"wp-block-separator has-alpha-channel-opacity\"\/>\n\n\n\n<p class=\"has-small-font-size\">Viajandodo participe \u00e0 des programmes d&rsquo;affiliation avec les entreprises mentionn\u00e9es dans cet article. Ainsi, chaque fois que vous r\u00e9servez un vol, un circuit, une excursion, un h\u00e9bergement ou tout autre produit ou service propos\u00e9 sur notre site web, nous recevons une petite commission. Cela nous permet de poursuivre le projet Viajandodo et d&rsquo;aider de nombreuses familles \u00e0 voyager avec leurs enfants. Merci de votre confiance et de votre soutien\u00a0!<\/p>\n\n\n\n<div style=\"height:20px\" aria-hidden=\"true\" class=\"wp-block-spacer\"><\/div>\n\n\n\n<p><strong>Nous esp\u00e9rons que notre guide sur l&rsquo;h\u00e9bergement \u00e0 Gran Canaria avec des enfants vous a \u00e9t\u00e9 utile. Si vous avez des questions, n&rsquo;h\u00e9sitez pas \u00e0 nous laisser un message ci-dessous. Nous nous ferons un plaisir d&rsquo;y r\u00e9pondre.<\/strong><\/p>\n\n\n\n<figure class=\"wp-block-image size-full is-resized\"><img loading=\"lazy\" decoding=\"async\" width=\"488\" height=\"508\" src=\"https:\/\/viajandodo.com\/wp-content\/uploads\/2019\/06\/Autora-Lourdes-Alias-Mama-Tick-Tack-2.png\" alt=\"\" class=\"wp-image-15823\" style=\"width:297px;height:308px\" srcset=\"https:\/\/viajandodo.com\/wp-content\/uploads\/2019\/06\/Autora-Lourdes-Alias-Mama-Tick-Tack-2.png 488w, https:\/\/viajandodo.com\/wp-content\/uploads\/2019\/06\/Autora-Lourdes-Alias-Mama-Tick-Tack-2-300x312.png 300w, https:\/\/viajandodo.com\/wp-content\/uploads\/2019\/06\/Autora-Lourdes-Alias-Mama-Tick-Tack-2-179x186.png 179w\" sizes=\"(max-width: 488px) 100vw, 488px\" \/><\/figure>\n\n\n\n<div style=\"height:58px\" aria-hidden=\"true\" class=\"wp-block-spacer\"><\/div>\n","protected":false},"excerpt":{"rendered":"<p>S\u00e9journer \u00e0 Gran Canaria avec des enfants ne se r\u00e9sume pas \u00e0 trouver un bon h\u00f4tel avec quelques \u00e9quipements adapt\u00e9s. Voyager sur l&rsquo;\u00eele avec de jeunes enfants implique de prendre en compte certains facteurs suppl\u00e9mentaires afin que petits et grands profitent pleinement de ce paradis. Heureusement, Gran Canaria regorge d&rsquo;h\u00e9bergements adapt\u00e9s aux familles qui sauront [&hellip;]<\/p>\n","protected":false},"author":1,"featured_media":38044,"comment_status":"open","ping_status":"open","sticky":false,"template":"","format":"standard","meta":{"footnotes":""},"categories":[2170,2161,2162,2163,2169],"tags":[],"class_list":["post-38048","post","type-post","status-publish","format-standard","has-post-thumbnail","hentry","category-blog-fr","category-destinations","category-espagne","category-europe","category-hebergements"],"yoast_head":"<!-- This site is optimized with the Yoast SEO plugin v27.5 - https:\/\/yoast.com\/product\/yoast-seo-wordpress\/ -->\n<title>O\u00f9 se loger \u00e0 Gran Canaria avec des enfants, par ZONE - Viajandodo<\/title>\n<meta name=\"description\" content=\"Vous trouverez dans ce guide tout ce que vous devez savoir sur l&#039;h\u00e9bergement \u00e0 Gran Canaria avec des enfants.\" \/>\n<meta name=\"robots\" content=\"index, follow, max-snippet:-1, max-image-preview:large, max-video-preview:-1\" \/>\n<link rel=\"canonical\" href=\"https:\/\/viajandodo.com\/fr\/se-loger-gran-canaria-enfants\/\" \/>\n<meta property=\"og:locale\" content=\"fr_FR\" \/>\n<meta property=\"og:type\" content=\"article\" \/>\n<meta property=\"og:title\" content=\"O\u00f9 se loger \u00e0 Gran Canaria avec des enfants, par ZONE - Viajandodo\" \/>\n<meta property=\"og:description\" content=\"Vous trouverez dans ce guide tout ce que vous devez savoir sur l&#039;h\u00e9bergement \u00e0 Gran Canaria avec des enfants.\" \/>\n<meta property=\"og:url\" content=\"https:\/\/viajandodo.com\/fr\/se-loger-gran-canaria-enfants\/\" \/>\n<meta property=\"og:site_name\" content=\"Viajandodo\" \/>\n<meta property=\"article:publisher\" content=\"https:\/\/www.facebook.com\/blogviajandodo\" \/>\n<meta property=\"article:published_time\" content=\"2022-09-27T03:36:06+00:00\" \/>\n<meta property=\"article:modified_time\" content=\"2026-03-17T11:43:09+00:00\" \/>\n<meta property=\"og:image\" content=\"https:\/\/viajandodo.com\/wp-content\/uploads\/2025\/05\/7.jpg\" \/>\n\t<meta property=\"og:image:width\" content=\"940\" \/>\n\t<meta property=\"og:image:height\" content=\"788\" \/>\n\t<meta property=\"og:image:type\" content=\"image\/jpeg\" \/>\n<meta name=\"author\" content=\"Viajandodo\" \/>\n<meta name=\"twitter:label1\" content=\"\u00c9crit par\" \/>\n\t<meta name=\"twitter:data1\" content=\"Viajandodo\" \/>\n\t<meta name=\"twitter:label2\" content=\"Dur\u00e9e de lecture estim\u00e9e\" \/>\n\t<meta name=\"twitter:data2\" content=\"18 minutes\" \/>\n<script type=\"application\/ld+json\" class=\"yoast-schema-graph\">{\"@context\":\"https:\\\/\\\/schema.org\",\"@graph\":[{\"@type\":\"Article\",\"@id\":\"https:\\\/\\\/viajandodo.com\\\/fr\\\/se-loger-gran-canaria-enfants\\\/#article\",\"isPartOf\":{\"@id\":\"https:\\\/\\\/viajandodo.com\\\/fr\\\/se-loger-gran-canaria-enfants\\\/\"},\"author\":{\"name\":\"Viajandodo\",\"@id\":\"https:\\\/\\\/viajandodo.com\\\/fr\\\/#\\\/schema\\\/person\\\/abd48ead51c08705f6eb7591cae4b5b7\"},\"headline\":\"O\u00f9 se loger \u00e0 Gran Canaria avec des enfants, par ZONE\",\"datePublished\":\"2022-09-27T03:36:06+00:00\",\"dateModified\":\"2026-03-17T11:43:09+00:00\",\"mainEntityOfPage\":{\"@id\":\"https:\\\/\\\/viajandodo.com\\\/fr\\\/se-loger-gran-canaria-enfants\\\/\"},\"wordCount\":3783,\"commentCount\":0,\"publisher\":{\"@id\":\"https:\\\/\\\/viajandodo.com\\\/fr\\\/#organization\"},\"image\":{\"@id\":\"https:\\\/\\\/viajandodo.com\\\/fr\\\/se-loger-gran-canaria-enfants\\\/#primaryimage\"},\"thumbnailUrl\":\"https:\\\/\\\/viajandodo.com\\\/wp-content\\\/uploads\\\/2025\\\/05\\\/7.jpg\",\"articleSection\":[\"Blog\",\"Destinations\",\"Espagne\",\"Europe\",\"H\u00e9bergements\"],\"inLanguage\":\"fr-FR\",\"potentialAction\":[{\"@type\":\"CommentAction\",\"name\":\"Comment\",\"target\":[\"https:\\\/\\\/viajandodo.com\\\/fr\\\/se-loger-gran-canaria-enfants\\\/#respond\"]}]},{\"@type\":\"WebPage\",\"@id\":\"https:\\\/\\\/viajandodo.com\\\/fr\\\/se-loger-gran-canaria-enfants\\\/\",\"url\":\"https:\\\/\\\/viajandodo.com\\\/fr\\\/se-loger-gran-canaria-enfants\\\/\",\"name\":\"O\u00f9 se loger \u00e0 Gran Canaria avec des enfants, par ZONE - Viajandodo\",\"isPartOf\":{\"@id\":\"https:\\\/\\\/viajandodo.com\\\/fr\\\/#website\"},\"primaryImageOfPage\":{\"@id\":\"https:\\\/\\\/viajandodo.com\\\/fr\\\/se-loger-gran-canaria-enfants\\\/#primaryimage\"},\"image\":{\"@id\":\"https:\\\/\\\/viajandodo.com\\\/fr\\\/se-loger-gran-canaria-enfants\\\/#primaryimage\"},\"thumbnailUrl\":\"https:\\\/\\\/viajandodo.com\\\/wp-content\\\/uploads\\\/2025\\\/05\\\/7.jpg\",\"datePublished\":\"2022-09-27T03:36:06+00:00\",\"dateModified\":\"2026-03-17T11:43:09+00:00\",\"description\":\"Vous trouverez dans ce guide tout ce que vous devez savoir sur l'h\u00e9bergement \u00e0 Gran Canaria avec des enfants.\",\"breadcrumb\":{\"@id\":\"https:\\\/\\\/viajandodo.com\\\/fr\\\/se-loger-gran-canaria-enfants\\\/#breadcrumb\"},\"inLanguage\":\"fr-FR\",\"potentialAction\":[{\"@type\":\"ReadAction\",\"target\":[\"https:\\\/\\\/viajandodo.com\\\/fr\\\/se-loger-gran-canaria-enfants\\\/\"]}]},{\"@type\":\"ImageObject\",\"inLanguage\":\"fr-FR\",\"@id\":\"https:\\\/\\\/viajandodo.com\\\/fr\\\/se-loger-gran-canaria-enfants\\\/#primaryimage\",\"url\":\"https:\\\/\\\/viajandodo.com\\\/wp-content\\\/uploads\\\/2025\\\/05\\\/7.jpg\",\"contentUrl\":\"https:\\\/\\\/viajandodo.com\\\/wp-content\\\/uploads\\\/2025\\\/05\\\/7.jpg\",\"width\":940,\"height\":788,\"caption\":\"se loger a gran canaria avec des enfants\"},{\"@type\":\"BreadcrumbList\",\"@id\":\"https:\\\/\\\/viajandodo.com\\\/fr\\\/se-loger-gran-canaria-enfants\\\/#breadcrumb\",\"itemListElement\":[{\"@type\":\"ListItem\",\"position\":1,\"name\":\"Portada\",\"item\":\"https:\\\/\\\/viajandodo.com\\\/fr\\\/\"},{\"@type\":\"ListItem\",\"position\":2,\"name\":\"O\u00f9 se loger \u00e0 Gran Canaria avec des enfants, par ZONE\"}]},{\"@type\":\"WebSite\",\"@id\":\"https:\\\/\\\/viajandodo.com\\\/fr\\\/#website\",\"url\":\"https:\\\/\\\/viajandodo.com\\\/fr\\\/\",\"name\":\"Viajandodo\",\"description\":\"Un blog de viajes en familia\",\"publisher\":{\"@id\":\"https:\\\/\\\/viajandodo.com\\\/fr\\\/#organization\"},\"potentialAction\":[{\"@type\":\"SearchAction\",\"target\":{\"@type\":\"EntryPoint\",\"urlTemplate\":\"https:\\\/\\\/viajandodo.com\\\/fr\\\/?s={search_term_string}\"},\"query-input\":{\"@type\":\"PropertyValueSpecification\",\"valueRequired\":true,\"valueName\":\"search_term_string\"}}],\"inLanguage\":\"fr-FR\"},{\"@type\":\"Organization\",\"@id\":\"https:\\\/\\\/viajandodo.com\\\/fr\\\/#organization\",\"name\":\"Viajandodo\",\"url\":\"https:\\\/\\\/viajandodo.com\\\/fr\\\/\",\"logo\":{\"@type\":\"ImageObject\",\"inLanguage\":\"fr-FR\",\"@id\":\"https:\\\/\\\/viajandodo.com\\\/fr\\\/#\\\/schema\\\/logo\\\/image\\\/\",\"url\":\"https:\\\/\\\/viajandodo.com\\\/wp-content\\\/uploads\\\/2018\\\/11\\\/Lourdesperez920_AC05a_R2A.png\",\"contentUrl\":\"https:\\\/\\\/viajandodo.com\\\/wp-content\\\/uploads\\\/2018\\\/11\\\/Lourdesperez920_AC05a_R2A.png\",\"width\":773,\"height\":696,\"caption\":\"Viajandodo\"},\"image\":{\"@id\":\"https:\\\/\\\/viajandodo.com\\\/fr\\\/#\\\/schema\\\/logo\\\/image\\\/\"},\"sameAs\":[\"https:\\\/\\\/www.facebook.com\\\/blogviajandodo\",\"https:\\\/\\\/x.com\\\/viajandodoblog\",\"https:\\\/\\\/www.instagram.com\\\/viajandodo\\\/\",\"https:\\\/\\\/www.pinterest.fr\\\/viajandodo\\\/_saved\\\/\",\"https:\\\/\\\/www.youtube.com\\\/channel\\\/UCGPxkIYb95n4itoCtEsTnlg\"]},{\"@type\":\"Person\",\"@id\":\"https:\\\/\\\/viajandodo.com\\\/fr\\\/#\\\/schema\\\/person\\\/abd48ead51c08705f6eb7591cae4b5b7\",\"name\":\"Viajandodo\",\"image\":{\"@type\":\"ImageObject\",\"inLanguage\":\"fr-FR\",\"@id\":\"https:\\\/\\\/viajandodo.com\\\/wp-content\\\/litespeed\\\/avatar\\\/82c1e841924ce838447ea3b78ff8206b.jpg?ver=1777317245\",\"url\":\"https:\\\/\\\/viajandodo.com\\\/wp-content\\\/litespeed\\\/avatar\\\/82c1e841924ce838447ea3b78ff8206b.jpg?ver=1777317245\",\"contentUrl\":\"https:\\\/\\\/viajandodo.com\\\/wp-content\\\/litespeed\\\/avatar\\\/82c1e841924ce838447ea3b78ff8206b.jpg?ver=1777317245\",\"caption\":\"Viajandodo\"},\"sameAs\":[\"https:\\\/\\\/viajandodo.com\"]}]}<\/script>\n<!-- \/ Yoast SEO plugin. -->","yoast_head_json":{"title":"O\u00f9 se loger \u00e0 Gran Canaria avec des enfants, par ZONE - Viajandodo","description":"Vous trouverez dans ce guide tout ce que vous devez savoir sur l'h\u00e9bergement \u00e0 Gran Canaria avec des enfants.","robots":{"index":"index","follow":"follow","max-snippet":"max-snippet:-1","max-image-preview":"max-image-preview:large","max-video-preview":"max-video-preview:-1"},"canonical":"https:\/\/viajandodo.com\/fr\/se-loger-gran-canaria-enfants\/","og_locale":"fr_FR","og_type":"article","og_title":"O\u00f9 se loger \u00e0 Gran Canaria avec des enfants, par ZONE - Viajandodo","og_description":"Vous trouverez dans ce guide tout ce que vous devez savoir sur l'h\u00e9bergement \u00e0 Gran Canaria avec des enfants.","og_url":"https:\/\/viajandodo.com\/fr\/se-loger-gran-canaria-enfants\/","og_site_name":"Viajandodo","article_publisher":"https:\/\/www.facebook.com\/blogviajandodo","article_published_time":"2022-09-27T03:36:06+00:00","article_modified_time":"2026-03-17T11:43:09+00:00","og_image":[{"width":940,"height":788,"url":"https:\/\/viajandodo.com\/wp-content\/uploads\/2025\/05\/7.jpg","type":"image\/jpeg"}],"author":"Viajandodo","twitter_misc":{"\u00c9crit par":"Viajandodo","Dur\u00e9e de lecture estim\u00e9e":"18 minutes"},"schema":{"@context":"https:\/\/schema.org","@graph":[{"@type":"Article","@id":"https:\/\/viajandodo.com\/fr\/se-loger-gran-canaria-enfants\/#article","isPartOf":{"@id":"https:\/\/viajandodo.com\/fr\/se-loger-gran-canaria-enfants\/"},"author":{"name":"Viajandodo","@id":"https:\/\/viajandodo.com\/fr\/#\/schema\/person\/abd48ead51c08705f6eb7591cae4b5b7"},"headline":"O\u00f9 se loger \u00e0 Gran Canaria avec des enfants, par ZONE","datePublished":"2022-09-27T03:36:06+00:00","dateModified":"2026-03-17T11:43:09+00:00","mainEntityOfPage":{"@id":"https:\/\/viajandodo.com\/fr\/se-loger-gran-canaria-enfants\/"},"wordCount":3783,"commentCount":0,"publisher":{"@id":"https:\/\/viajandodo.com\/fr\/#organization"},"image":{"@id":"https:\/\/viajandodo.com\/fr\/se-loger-gran-canaria-enfants\/#primaryimage"},"thumbnailUrl":"https:\/\/viajandodo.com\/wp-content\/uploads\/2025\/05\/7.jpg","articleSection":["Blog","Destinations","Espagne","Europe","H\u00e9bergements"],"inLanguage":"fr-FR","potentialAction":[{"@type":"CommentAction","name":"Comment","target":["https:\/\/viajandodo.com\/fr\/se-loger-gran-canaria-enfants\/#respond"]}]},{"@type":"WebPage","@id":"https:\/\/viajandodo.com\/fr\/se-loger-gran-canaria-enfants\/","url":"https:\/\/viajandodo.com\/fr\/se-loger-gran-canaria-enfants\/","name":"O\u00f9 se loger \u00e0 Gran Canaria avec des enfants, par ZONE - Viajandodo","isPartOf":{"@id":"https:\/\/viajandodo.com\/fr\/#website"},"primaryImageOfPage":{"@id":"https:\/\/viajandodo.com\/fr\/se-loger-gran-canaria-enfants\/#primaryimage"},"image":{"@id":"https:\/\/viajandodo.com\/fr\/se-loger-gran-canaria-enfants\/#primaryimage"},"thumbnailUrl":"https:\/\/viajandodo.com\/wp-content\/uploads\/2025\/05\/7.jpg","datePublished":"2022-09-27T03:36:06+00:00","dateModified":"2026-03-17T11:43:09+00:00","description":"Vous trouverez dans ce guide tout ce que vous devez savoir sur l'h\u00e9bergement \u00e0 Gran Canaria avec des enfants.","breadcrumb":{"@id":"https:\/\/viajandodo.com\/fr\/se-loger-gran-canaria-enfants\/#breadcrumb"},"inLanguage":"fr-FR","potentialAction":[{"@type":"ReadAction","target":["https:\/\/viajandodo.com\/fr\/se-loger-gran-canaria-enfants\/"]}]},{"@type":"ImageObject","inLanguage":"fr-FR","@id":"https:\/\/viajandodo.com\/fr\/se-loger-gran-canaria-enfants\/#primaryimage","url":"https:\/\/viajandodo.com\/wp-content\/uploads\/2025\/05\/7.jpg","contentUrl":"https:\/\/viajandodo.com\/wp-content\/uploads\/2025\/05\/7.jpg","width":940,"height":788,"caption":"se loger a gran canaria avec des enfants"},{"@type":"BreadcrumbList","@id":"https:\/\/viajandodo.com\/fr\/se-loger-gran-canaria-enfants\/#breadcrumb","itemListElement":[{"@type":"ListItem","position":1,"name":"Portada","item":"https:\/\/viajandodo.com\/fr\/"},{"@type":"ListItem","position":2,"name":"O\u00f9 se loger \u00e0 Gran Canaria avec des enfants, par ZONE"}]},{"@type":"WebSite","@id":"https:\/\/viajandodo.com\/fr\/#website","url":"https:\/\/viajandodo.com\/fr\/","name":"Viajandodo","description":"Un blog de viajes en familia","publisher":{"@id":"https:\/\/viajandodo.com\/fr\/#organization"},"potentialAction":[{"@type":"SearchAction","target":{"@type":"EntryPoint","urlTemplate":"https:\/\/viajandodo.com\/fr\/?s={search_term_string}"},"query-input":{"@type":"PropertyValueSpecification","valueRequired":true,"valueName":"search_term_string"}}],"inLanguage":"fr-FR"},{"@type":"Organization","@id":"https:\/\/viajandodo.com\/fr\/#organization","name":"Viajandodo","url":"https:\/\/viajandodo.com\/fr\/","logo":{"@type":"ImageObject","inLanguage":"fr-FR","@id":"https:\/\/viajandodo.com\/fr\/#\/schema\/logo\/image\/","url":"https:\/\/viajandodo.com\/wp-content\/uploads\/2018\/11\/Lourdesperez920_AC05a_R2A.png","contentUrl":"https:\/\/viajandodo.com\/wp-content\/uploads\/2018\/11\/Lourdesperez920_AC05a_R2A.png","width":773,"height":696,"caption":"Viajandodo"},"image":{"@id":"https:\/\/viajandodo.com\/fr\/#\/schema\/logo\/image\/"},"sameAs":["https:\/\/www.facebook.com\/blogviajandodo","https:\/\/x.com\/viajandodoblog","https:\/\/www.instagram.com\/viajandodo\/","https:\/\/www.pinterest.fr\/viajandodo\/_saved\/","https:\/\/www.youtube.com\/channel\/UCGPxkIYb95n4itoCtEsTnlg"]},{"@type":"Person","@id":"https:\/\/viajandodo.com\/fr\/#\/schema\/person\/abd48ead51c08705f6eb7591cae4b5b7","name":"Viajandodo","image":{"@type":"ImageObject","inLanguage":"fr-FR","@id":"https:\/\/viajandodo.com\/wp-content\/litespeed\/avatar\/82c1e841924ce838447ea3b78ff8206b.jpg?ver=1777317245","url":"https:\/\/viajandodo.com\/wp-content\/litespeed\/avatar\/82c1e841924ce838447ea3b78ff8206b.jpg?ver=1777317245","contentUrl":"https:\/\/viajandodo.com\/wp-content\/litespeed\/avatar\/82c1e841924ce838447ea3b78ff8206b.jpg?ver=1777317245","caption":"Viajandodo"},"sameAs":["https:\/\/viajandodo.com"]}]}},"meta_box":{"viajandodo-imagen-fichaimagen_cabecera":[{"width":128,"height":49,"file":"2022\/09\/alojarse-en-Gran-Canaria-con-nin\u0303os-PT.jpg","filesize":41569,"sizes":{"woocommerce_thumbnail":{"file":"alojarse-en-Gran-Canaria-con-nin\u0303os-PT-300x114.jpg","width":300,"height":114,"mime-type":"image\/jpeg","filesize":10443,"uncropped":true,"url":"https:\/\/viajandodo.com\/wp-content\/uploads\/2022\/09\/alojarse-en-Gran-Canaria-con-nin\u0303os-PT-300x114.jpg"},"woocommerce_gallery_thumbnail":{"file":"alojarse-en-Gran-Canaria-con-nin\u0303os-PT-100x100.jpg","width":100,"height":100,"mime-type":"image\/jpeg","filesize":4324,"url":"https:\/\/viajandodo.com\/wp-content\/uploads\/2022\/09\/alojarse-en-Gran-Canaria-con-nin\u0303os-PT-100x100.jpg"},"woocommerce_single":{"file":"alojarse-en-Gran-Canaria-con-nin\u0303os-PT-600x228.jpg","width":600,"height":228,"mime-type":"image\/jpeg","filesize":27417,"url":"https:\/\/viajandodo.com\/wp-content\/uploads\/2022\/09\/alojarse-en-Gran-Canaria-con-nin\u0303os-PT-600x228.jpg"},"medium_large":{"file":"alojarse-en-Gran-Canaria-con-nin\u0303os-PT-768x292.jpg","width":768,"height":292,"mime-type":"image\/jpeg","filesize":38793,"url":"https:\/\/viajandodo.com\/wp-content\/uploads\/2022\/09\/alojarse-en-Gran-Canaria-con-nin\u0303os-PT-768x292.jpg"},"theta-thumb":{"file":"alojarse-en-Gran-Canaria-con-nin\u0303os-PT-360x137.jpg","width":360,"height":137,"mime-type":"image\/jpeg","filesize":13380,"url":"https:\/\/viajandodo.com\/wp-content\/uploads\/2022\/09\/alojarse-en-Gran-Canaria-con-nin\u0303os-PT-360x137.jpg"}},"image_meta":{"aperture":"0","credit":"","camera":"","caption":"","created_timestamp":"0","copyright":"","focal_length":"0","iso":"0","shutter_speed":"0","title":"","orientation":"0","keywords":[]},"ID":"36005","name":"alojarse-en-Gran-Canaria-con-nin\u0303os-PT.jpg","path":"\/home\/viajan20\/public_html\/wp-content\/uploads\/2022\/09\/alojarse-en-Gran-Canaria-con-nin\u0303os-PT.jpg","url":"https:\/\/viajandodo.com\/wp-content\/uploads\/2022\/09\/alojarse-en-Gran-Canaria-con-nin\u0303os-PT.jpg","full_url":"https:\/\/viajandodo.com\/wp-content\/uploads\/2022\/09\/alojarse-en-Gran-Canaria-con-nin\u0303os-PT.jpg","title":"alojarse-en-Gran-Canaria-con-nin\u0303os-PT","caption":"","description":"","alt":"","srcset":"https:\/\/viajandodo.com\/wp-content\/uploads\/2022\/09\/alojarse-en-Gran-Canaria-con-nin\u0303os-PT.jpg 820w, https:\/\/viajandodo.com\/wp-content\/uploads\/2022\/09\/alojarse-en-Gran-Canaria-con-nin\u0303os-PT-300x114.jpg 300w, https:\/\/viajandodo.com\/wp-content\/uploads\/2022\/09\/alojarse-en-Gran-Canaria-con-nin\u0303os-PT-600x228.jpg 600w, https:\/\/viajandodo.com\/wp-content\/uploads\/2022\/09\/alojarse-en-Gran-Canaria-con-nin\u0303os-PT-768x292.jpg 768w, https:\/\/viajandodo.com\/wp-content\/uploads\/2022\/09\/alojarse-en-Gran-Canaria-con-nin\u0303os-PT-360x137.jpg 360w"}]},"_links":{"self":[{"href":"https:\/\/viajandodo.com\/fr\/wp-json\/wp\/v2\/posts\/38048","targetHints":{"allow":["GET"]}}],"collection":[{"href":"https:\/\/viajandodo.com\/fr\/wp-json\/wp\/v2\/posts"}],"about":[{"href":"https:\/\/viajandodo.com\/fr\/wp-json\/wp\/v2\/types\/post"}],"author":[{"embeddable":true,"href":"https:\/\/viajandodo.com\/fr\/wp-json\/wp\/v2\/users\/1"}],"replies":[{"embeddable":true,"href":"https:\/\/viajandodo.com\/fr\/wp-json\/wp\/v2\/comments?post=38048"}],"version-history":[{"count":13,"href":"https:\/\/viajandodo.com\/fr\/wp-json\/wp\/v2\/posts\/38048\/revisions"}],"predecessor-version":[{"id":38189,"href":"https:\/\/viajandodo.com\/fr\/wp-json\/wp\/v2\/posts\/38048\/revisions\/38189"}],"wp:featuredmedia":[{"embeddable":true,"href":"https:\/\/viajandodo.com\/fr\/wp-json\/wp\/v2\/media\/38044"}],"wp:attachment":[{"href":"https:\/\/viajandodo.com\/fr\/wp-json\/wp\/v2\/media?parent=38048"}],"wp:term":[{"taxonomy":"category","embeddable":true,"href":"https:\/\/viajandodo.com\/fr\/wp-json\/wp\/v2\/categories?post=38048"},{"taxonomy":"post_tag","embeddable":true,"href":"https:\/\/viajandodo.com\/fr\/wp-json\/wp\/v2\/tags?post=38048"}],"curies":[{"name":"wp","href":"https:\/\/api.w.org\/{rel}","templated":true}]}}