{"id":38179,"date":"2021-06-02T15:09:44","date_gmt":"2021-06-02T13:09:44","guid":{"rendered":"https:\/\/viajandodo.com\/?p=38179"},"modified":"2026-03-18T08:44:18","modified_gmt":"2026-03-18T06:44:18","slug":"dormir-ibiza-enfants","status":"publish","type":"post","link":"https:\/\/viajandodo.com\/fr\/dormir-ibiza-enfants\/","title":{"rendered":"O\u00f9 dormir \u00e0 Ibiza avec des enfants?"},"content":{"rendered":"\n<figure class=\"wp-block-image size-large ocultar\"><img fetchpriority=\"high\" decoding=\"async\" width=\"820\" height=\"312\" src=\"https:\/\/viajandodo.com\/wp-content\/uploads\/2021\/06\/Dormir-en-Ibiza-con-nin\u0303os-PT.jpg\" alt=\"\" class=\"wp-image-25813\" srcset=\"https:\/\/viajandodo.com\/wp-content\/uploads\/2021\/06\/Dormir-en-Ibiza-con-nin\u0303os-PT.jpg 820w, https:\/\/viajandodo.com\/wp-content\/uploads\/2021\/06\/Dormir-en-Ibiza-con-nin\u0303os-PT-300x114.jpg 300w, https:\/\/viajandodo.com\/wp-content\/uploads\/2021\/06\/Dormir-en-Ibiza-con-nin\u0303os-PT-600x228.jpg 600w, https:\/\/viajandodo.com\/wp-content\/uploads\/2021\/06\/Dormir-en-Ibiza-con-nin\u0303os-PT-768x292.jpg 768w, https:\/\/viajandodo.com\/wp-content\/uploads\/2021\/06\/Dormir-en-Ibiza-con-nin\u0303os-PT-360x137.jpg 360w, https:\/\/viajandodo.com\/wp-content\/uploads\/2021\/06\/Dormir-en-Ibiza-con-nin\u0303os-PT-158x60.jpg 158w, https:\/\/viajandodo.com\/wp-content\/uploads\/2021\/06\/Dormir-en-Ibiza-con-nin\u0303os-PT-237x90.jpg 237w\" sizes=\"(max-width: 820px) 100vw, 820px\" \/><\/figure>\n\n\n\n<hr class=\"wp-block-separator has-css-opacity\"\/>\n\n\n\n<p>En tant que <strong>famille de voyageurs<\/strong>, nous savons que trouver un <strong>logement \u00e0 Ibiza avec des enfants<\/strong> peut \u00eatre une v\u00e9ritable aventure si vous ne connaissez pas l\u2019\u00eele.<\/p>\n\n\n\n<p>Ibiza est r\u00e9put\u00e9e pour son ambiance festive permanente. Cependant, si vous pr\u00e9voyez un voyage en famille, rassurez-vous\u00a0: il existe aussi de nombreux endroits pour se d\u00e9tendre et s\u2019amuser avec les plus petits.<\/p>\n\n\n\n<p>Alors, si vous vous demandez <strong>o\u00f9 loger \u00e0 Ibiza avec des enfants<\/strong>, cet article vous pr\u00e9sentera les <strong>quartiers les plus recommand\u00e9s<\/strong> et vous offrira de <strong>pr\u00e9cieux conseils sur l\u2019\u00eele.<\/strong><\/p>\n\n\n\n<p>Vous pouvez suivre toutes nos aventures de voyage sur <strong>Instagram <a href=\"https:\/\/www.instagram.com\/viajandodo\/\" target=\"_blank\" rel=\"noreferrer noopener\">@viajandodo<\/a><\/strong><\/p>\n\n\n\n<p>\u00a1Empezamos!<\/p>\n\n\n\n<hr class=\"wp-block-separator has-css-opacity\"\/>\n\n\n\n<div id=\"ez-toc-container\" class=\"ez-toc-v2_0_82_2 counter-hierarchy ez-toc-counter ez-toc-custom ez-toc-container-direction\">\n<div class=\"ez-toc-title-container\">\n<p class=\"ez-toc-title\" style=\"cursor:inherit\">INDICE<\/p>\n<span class=\"ez-toc-title-toggle\"><a href=\"#\" class=\"ez-toc-pull-right ez-toc-btn ez-toc-btn-xs ez-toc-btn-default ez-toc-toggle\" aria-label=\"Toggle Table of Content\"><span class=\"ez-toc-js-icon-con\"><span class=\"\"><span class=\"eztoc-hide\" style=\"display:none;\">Toggle<\/span><span class=\"ez-toc-icon-toggle-span\"><svg style=\"fill: #fd5e29;color:#fd5e29\" xmlns=\"http:\/\/www.w3.org\/2000\/svg\" class=\"list-377408\" width=\"20px\" height=\"20px\" viewBox=\"0 0 24 24\" fill=\"none\"><path d=\"M6 6H4v2h2V6zm14 0H8v2h12V6zM4 11h2v2H4v-2zm16 0H8v2h12v-2zM4 16h2v2H4v-2zm16 0H8v2h12v-2z\" fill=\"currentColor\"><\/path><\/svg><svg style=\"fill: #fd5e29;color:#fd5e29\" class=\"arrow-unsorted-368013\" xmlns=\"http:\/\/www.w3.org\/2000\/svg\" width=\"10px\" height=\"10px\" viewBox=\"0 0 24 24\" version=\"1.2\" baseProfile=\"tiny\"><path d=\"M18.2 9.3l-6.2-6.3-6.2 6.3c-.2.2-.3.4-.3.7s.1.5.3.7c.2.2.4.3.7.3h11c.3 0 .5-.1.7-.3.2-.2.3-.5.3-.7s-.1-.5-.3-.7zM5.8 14.7l6.2 6.3 6.2-6.3c.2-.2.3-.5.3-.7s-.1-.5-.3-.7c-.2-.2-.4-.3-.7-.3h-11c-.3 0-.5.1-.7.3-.2.2-.3.5-.3.7s.1.5.3.7z\"\/><\/svg><\/span><\/span><\/span><\/a><\/span><\/div>\n<nav><ul class='ez-toc-list ez-toc-list-level-1 eztoc-toggle-hide-by-default' ><li class='ez-toc-page-1 ez-toc-heading-level-2'><a class=\"ez-toc-link ez-toc-heading-1\" href=\"https:\/\/viajandodo.com\/fr\/dormir-ibiza-enfants\/#LES_MEILLEURS_QUARTIERS_OU_DORMIR_A_IBIZA_AVEC_DES_ENFANTS\" >LES MEILLEURS QUARTIERS O\u00d9 DORMIR \u00c0 IBIZA AVEC DES ENFANTS<\/a><\/li><li class='ez-toc-page-1 ez-toc-heading-level-2'><a class=\"ez-toc-link ez-toc-heading-2\" href=\"https:\/\/viajandodo.com\/fr\/dormir-ibiza-enfants\/#PLANIFIEZ_VOTRE_VOYAGE_A_IBIZA\" >PLANIFIEZ VOTRE VOYAGE \u00c0 IBIZA<\/a><\/li><li class='ez-toc-page-1 ez-toc-heading-level-2'><a class=\"ez-toc-link ez-toc-heading-3\" href=\"https:\/\/viajandodo.com\/fr\/dormir-ibiza-enfants\/#OPTIONS_DHEBERGEMENT_A_IBIZA_AVEC_DES_ENFANTS\" >OPTIONS D\u2019H\u00c9BERGEMENT \u00c0 IBIZA AVEC DES ENFANTS<\/a><\/li><li class='ez-toc-page-1 ez-toc-heading-level-2'><a class=\"ez-toc-link ez-toc-heading-4\" href=\"https:\/\/viajandodo.com\/fr\/dormir-ibiza-enfants\/#AUTRES_HEBERGEMENTS_A_IBIZA_AVEC_ENFANTS\" >AUTRES H\u00c9BERGEMENTS \u00c0 IBIZA AVEC ENFANTS<\/a><\/li><li class='ez-toc-page-1 ez-toc-heading-level-2'><a class=\"ez-toc-link ez-toc-heading-5\" href=\"https:\/\/viajandodo.com\/fr\/dormir-ibiza-enfants\/#ACTIVITES_A_IBIZA_AVEC_DES_ENFANTS\" >ACTIVIT\u00c9S \u00c0 IBIZA AVEC DES ENFANTS<\/a><\/li><\/ul><\/nav><\/div>\n<h2 class=\"wp-block-heading has-text-align-center\"><span class=\"ez-toc-section\" id=\"LES_MEILLEURS_QUARTIERS_OU_DORMIR_A_IBIZA_AVEC_DES_ENFANTS\"><\/span><strong>LES MEILLEURS QUARTIERS O\u00d9 DORMIR \u00c0 IBIZA AVEC DES ENFANTS<\/strong><span class=\"ez-toc-section-end\"><\/span><\/h2>\n\n\n\n<div style=\"height:40px\" aria-hidden=\"true\" class=\"wp-block-spacer\"><\/div>\n\n\n\n<h3 class=\"wp-block-heading has-text-align-center\"><strong>La ville de Ibiza<\/strong><\/h3>\n\n\n\n<div style=\"height:20px\" aria-hidden=\"true\" class=\"wp-block-spacer\"><\/div>\n\n\n\n<figure class=\"wp-block-image aligncenter size-large is-resized\"><img decoding=\"async\" width=\"940\" height=\"788\" src=\"https:\/\/viajandodo.com\/wp-content\/uploads\/2021\/05\/dormir-en-Ibiza-con-nin\u0303os-Ibiza.jpg\" alt=\"\" class=\"wp-image-25777\" style=\"aspect-ratio:1.1959798994974875;width:236px;height:auto\" srcset=\"https:\/\/viajandodo.com\/wp-content\/uploads\/2021\/05\/dormir-en-Ibiza-con-nin\u0303os-Ibiza.jpg 940w, https:\/\/viajandodo.com\/wp-content\/uploads\/2021\/05\/dormir-en-Ibiza-con-nin\u0303os-Ibiza-300x251.jpg 300w, https:\/\/viajandodo.com\/wp-content\/uploads\/2021\/05\/dormir-en-Ibiza-con-nin\u0303os-Ibiza-600x503.jpg 600w, https:\/\/viajandodo.com\/wp-content\/uploads\/2021\/05\/dormir-en-Ibiza-con-nin\u0303os-Ibiza-768x644.jpg 768w, https:\/\/viajandodo.com\/wp-content\/uploads\/2021\/05\/dormir-en-Ibiza-con-nin\u0303os-Ibiza-222x186.jpg 222w, https:\/\/viajandodo.com\/wp-content\/uploads\/2021\/05\/dormir-en-Ibiza-con-nin\u0303os-Ibiza-72x60.jpg 72w, https:\/\/viajandodo.com\/wp-content\/uploads\/2021\/05\/dormir-en-Ibiza-con-nin\u0303os-Ibiza-107x90.jpg 107w\" sizes=\"(max-width: 940px) 100vw, 940px\" \/><\/figure>\n\n\n\n<div style=\"height:20px\" aria-hidden=\"true\" class=\"wp-block-spacer\"><\/div>\n\n\n\n<p>C\u2019est la principale ville de l\u2019\u00eele et elle b\u00e9n\u00e9ficie d\u2019une situation id\u00e9ale, <strong>\u00e0 proximit\u00e9 des plages de Playa d\u2019en Bossa, Talamanca et Figueretees<\/strong>, ainsi que de l\u2019a\u00e9roport. Son centre historique est parfaitement pr\u00e9serv\u00e9 et les remparts de <strong>Dalt Vila sont inscrits au patrimoine mondial de l\u2019UNESCO.<\/strong><\/p>\n\n\n\n<p>Vous pourrez <strong>fl\u00e2ner dans ses ruelles \u00e9troites<\/strong>, visiter des <strong>boutiques d\u2019artisans<\/strong> et profiter de ses terrasses anim\u00e9es. De plus, vous trouverez des \u00e9tablissements pour tous les go\u00fbts\u00a0: pour ceux qui recherchent la tranquillit\u00e9 comme pour ceux qui souhaitent des vacances plus actives.<\/p>\n\n\n\n<div style=\"height:40px\" aria-hidden=\"true\" class=\"wp-block-spacer\"><\/div>\n\n\n\n<p><strong>Principaux monuments et activit\u00e9s pour les familles \u00e0 Ibiza\u00a0:<\/strong><\/p>\n\n\n\n<div style=\"height:40px\" aria-hidden=\"true\" class=\"wp-block-spacer\"><\/div>\n\n\n\n<ul class=\"wp-block-list\">\n<li><strong>Dalt Vila :<\/strong> La vieille ville d\u2019Ibiza, class\u00e9e au patrimoine mondial de l\u2019UNESCO, est id\u00e9ale pour fl\u00e2ner, explorer ses remparts, ses rues pav\u00e9es et admirer des panoramas \u00e0 couper le souffle.<\/li>\n<\/ul>\n\n\n\n<div style=\"height:20px\" aria-hidden=\"true\" class=\"wp-block-spacer\"><\/div>\n\n\n\n<ul class=\"wp-block-list\">\n<li><strong>Ch\u00e2teau d\u2019Ibiza :<\/strong> Situ\u00e9 \u00e0 Dalt Vila, c\u2019est un lieu fascinant pour d\u00e9couvrir l\u2019histoire de la ville et profiter d\u2019une vue panoramique.<\/li>\n<\/ul>\n\n\n\n<div style=\"height:20px\" aria-hidden=\"true\" class=\"wp-block-spacer\"><\/div>\n\n\n\n<ul class=\"wp-block-list\">\n<li><strong>Mus\u00e9e arch\u00e9ologique d\u2019Ibiza :<\/strong> Un lieu passionnant pour les enfants curieux, o\u00f9 ils pourront d\u00e9couvrir l\u2019histoire et la culture de l\u2019\u00eele \u00e0 travers ses expositions.<\/li>\n<\/ul>\n\n\n\n<div style=\"height:20px\" aria-hidden=\"true\" class=\"wp-block-spacer\"><\/div>\n\n\n\n<ul class=\"wp-block-list\">\n<li><strong>Plage de Talamanca :<\/strong> Une plage calme et facilement accessible, parfaite pour passer du temps en famille, se baigner et profiter du soleil.<\/li>\n<\/ul>\n\n\n\n<div style=\"height:20px\" aria-hidden=\"true\" class=\"wp-block-spacer\"><\/div>\n\n\n\n<ul class=\"wp-block-list\">\n<li><strong>Parc de la Paix :<\/strong> Un espace vert id\u00e9al pour que les enfants jouent et se d\u00e9tendent, avec des aires de jeux et des zones de pique-nique.<\/li>\n<\/ul>\n\n\n\n<div style=\"height:20px\" aria-hidden=\"true\" class=\"wp-block-spacer\"><\/div>\n\n\n\n<ul class=\"wp-block-list\">\n<li><strong>Promenade :<\/strong> Une agr\u00e9able promenade le long du front de mer o\u00f9 les familles peuvent fl\u00e2ner, louer des v\u00e9los ou des rollers et admirer la vue.<\/li>\n<\/ul>\n\n\n\n<div style=\"height:40px\" aria-hidden=\"true\" class=\"wp-block-spacer\"><\/div>\n\n\n\n<ul class=\"wp-block-list has-medium-font-size\">\n<li><strong>Meilleurs h\u00f4tels \u00e0 Ibiza ville pour les familles avec enfants<\/strong> <a href=\"https:\/\/www.booking.com\/searchresults.fr.html?city=-385722&nflt=ht_id%253D204&aid=1651010&no_rooms=1&group_adults=2&group_children=2&room1=A%2CA%2C12%2C12\" target=\"_blank\" rel=\"noreferrer noopener\"><strong>ICI<\/strong><\/a><\/li>\n<\/ul>\n\n\n\n<div style=\"height:35px\" aria-hidden=\"true\" class=\"wp-block-spacer\"><\/div>\n\n\n\n<ul class=\"wp-block-list has-medium-font-size\">\n<li class=\"has-medium-font-size\"><strong>Appartements \u00e9quip\u00e9s pour familles \u00e0 Ibiza<\/strong> <strong>ville<\/strong> <strong><a href=\"https:\/\/www.booking.com\/searchresults.fr.html?city=-385722&nflt=ht_id%253D201&aid=1651010&no_rooms=1&group_adults=2&group_children=2&room1=A%2CA%2C12%2C12\" target=\"_blank\" rel=\"noreferrer noopener\">ICI<\/a><\/strong><\/li>\n<\/ul>\n\n\n\n<div style=\"height:39px\" aria-hidden=\"true\" class=\"wp-block-spacer\"><\/div>\n\n\n\n<figure class=\"wp-block-image aligncenter size-full\"><img decoding=\"async\" width=\"1080\" height=\"1350\" src=\"https:\/\/viajandodo.com\/wp-content\/uploads\/2021\/06\/Donde-dormir-Ibiza-zonas.jpg\" alt=\"Donde dormir en Ibiza con ni\u00f1os: ciudad de Ibiza\" class=\"wp-image-33592\" srcset=\"https:\/\/viajandodo.com\/wp-content\/uploads\/2021\/06\/Donde-dormir-Ibiza-zonas.jpg 1080w, https:\/\/viajandodo.com\/wp-content\/uploads\/2021\/06\/Donde-dormir-Ibiza-zonas-768x960.jpg 768w, https:\/\/viajandodo.com\/wp-content\/uploads\/2021\/06\/Donde-dormir-Ibiza-zonas-300x375.jpg 300w, https:\/\/viajandodo.com\/wp-content\/uploads\/2021\/06\/Donde-dormir-Ibiza-zonas-600x750.jpg 600w\" sizes=\"(max-width: 1080px) 100vw, 1080px\" \/><\/figure>\n\n\n\n<div style=\"height:50px\" aria-hidden=\"true\" class=\"wp-block-spacer\"><\/div>\n\n\n\n<hr class=\"wp-block-separator has-alpha-channel-opacity is-style-dots\"\/>\n\n\n\n<div style=\"height:40px\" aria-hidden=\"true\" class=\"wp-block-spacer\"><\/div>\n\n\n\n<h3 class=\"wp-block-heading has-text-align-center\"><strong>Playa d\u2019en Bossa: Une autre excellente option d\u2019h\u00e9bergement \u00e0 Ibiza avec des enfants<\/strong><\/h3>\n\n\n\n<div style=\"height:20px\" aria-hidden=\"true\" class=\"wp-block-spacer\"><\/div>\n\n\n\n<figure class=\"wp-block-image aligncenter size-large is-resized\"><img loading=\"lazy\" decoding=\"async\" width=\"940\" height=\"788\" src=\"https:\/\/viajandodo.com\/wp-content\/uploads\/2021\/05\/dormir-en-Ibiza-con-nin\u0303os-Playa-den-Bossa.jpg\" alt=\"\" class=\"wp-image-25778\" style=\"aspect-ratio:1.1917808219178083;width:261px;height:auto\" srcset=\"https:\/\/viajandodo.com\/wp-content\/uploads\/2021\/05\/dormir-en-Ibiza-con-nin\u0303os-Playa-den-Bossa.jpg 940w, https:\/\/viajandodo.com\/wp-content\/uploads\/2021\/05\/dormir-en-Ibiza-con-nin\u0303os-Playa-den-Bossa-300x251.jpg 300w, https:\/\/viajandodo.com\/wp-content\/uploads\/2021\/05\/dormir-en-Ibiza-con-nin\u0303os-Playa-den-Bossa-600x503.jpg 600w, https:\/\/viajandodo.com\/wp-content\/uploads\/2021\/05\/dormir-en-Ibiza-con-nin\u0303os-Playa-den-Bossa-768x644.jpg 768w, https:\/\/viajandodo.com\/wp-content\/uploads\/2021\/05\/dormir-en-Ibiza-con-nin\u0303os-Playa-den-Bossa-222x186.jpg 222w, https:\/\/viajandodo.com\/wp-content\/uploads\/2021\/05\/dormir-en-Ibiza-con-nin\u0303os-Playa-den-Bossa-72x60.jpg 72w, https:\/\/viajandodo.com\/wp-content\/uploads\/2021\/05\/dormir-en-Ibiza-con-nin\u0303os-Playa-den-Bossa-107x90.jpg 107w\" sizes=\"(max-width: 940px) 100vw, 940px\" \/><\/figure>\n\n\n\n<div style=\"height:20px\" aria-hidden=\"true\" class=\"wp-block-spacer\"><\/div>\n\n\n\n<p>Saviez-vous que <strong>Playa d\u2019en Bossa<\/strong> est l\u2019un des quartiers les plus pris\u00e9s d\u2019Ibiza\u00a0?<\/p>\n\n\n\n<p>Situ\u00e9 \u00e0 proximit\u00e9 de l\u2019a\u00e9roport, ce lieu offre une plage de sable blanc de trois kilom\u00e8tres, une eau cristalline et toutes les commodit\u00e9s\u00a0: bars, restaurants, boutiques, fast-foods, clubs de plage et bars de plage.<\/p>\n\n\n\n<p>Il est important de savoir que <strong>Playa d\u2019en Bossa<\/strong> est r\u00e9put\u00e9 pour son <strong>ambiance festive<\/strong>. \u00c9tonnamment, on y trouve aussi de nombreuses <strong>activit\u00e9s pour les familles<\/strong>, une multitude de <strong>sports nautiques<\/strong> et des <strong>h\u00e9bergements adapt\u00e9s<\/strong>. Pour un s\u00e9jour inoubliable, n\u2019h\u00e9sitez pas \u00e0 d\u00e9couvrir le <strong><a href=\"https:\/\/www.booking.com\/hotel\/es\/the-site-hotel-ibiza.fr.html?aid=1651010&no_rooms=1&group_adults=2&group_children=2&room1=A%2CA%2C12%2C12\" type=\"link\" id=\"https:\/\/www.booking.com\/hotel\/es\/the-site-hotel-ibiza.fr.html?aid=1651010&no_rooms=1&group_adults=2&group_children=2&room1=A%2CA%2C12%2C12\" target=\"_blank\" rel=\"noreferrer noopener\">BLESS Ibiza The Site<\/a>.<\/strong><\/p>\n\n\n\n<p>Pour vous aider \u00e0 organiser votre voyage, sachez que la partie <strong>la plus anim\u00e9e<\/strong> de la plage s<strong>e trouve pr\u00e8s d\u2019Ibiza Ville<\/strong>, tandis que la zone plus calme est situ\u00e9e de l\u2019autre c\u00f4t\u00e9. Pensez-y lors de votre recherche d\u2019h\u00e9bergement.<\/p>\n\n\n\n<div style=\"height:40px\" aria-hidden=\"true\" class=\"wp-block-spacer\"><\/div>\n\n\n\n<ul class=\"wp-block-list has-medium-font-size\">\n<li><strong>Voir les h\u00e9bergements \u00e0 Playa d\u2019en Bossa<\/strong> <a href=\"https:\/\/www.booking.com\/searchresults.fr.html?city=900040220&aid=1651010&no_rooms=1&group_adults=2&group_children=2&room1=A%2CA%2C12%2C12\" target=\"_blank\" rel=\"noreferrer noopener\"><strong>ICI<\/strong><\/a><\/li>\n<\/ul>\n\n\n\n<div style=\"height:40px\" aria-hidden=\"true\" class=\"wp-block-spacer\"><\/div>\n\n\n\n<figure class=\"wp-block-image aligncenter size-full\"><img loading=\"lazy\" decoding=\"async\" width=\"1080\" height=\"1350\" src=\"https:\/\/viajandodo.com\/wp-content\/uploads\/2021\/06\/ibiza-ninos-donde-dormir-en-bossa.jpg\" alt=\"Donde dormir en Ibiza con ni\u00f1os: Playa d'en Bossa\" class=\"wp-image-33593\" srcset=\"https:\/\/viajandodo.com\/wp-content\/uploads\/2021\/06\/ibiza-ninos-donde-dormir-en-bossa.jpg 1080w, https:\/\/viajandodo.com\/wp-content\/uploads\/2021\/06\/ibiza-ninos-donde-dormir-en-bossa-768x960.jpg 768w, https:\/\/viajandodo.com\/wp-content\/uploads\/2021\/06\/ibiza-ninos-donde-dormir-en-bossa-300x375.jpg 300w, https:\/\/viajandodo.com\/wp-content\/uploads\/2021\/06\/ibiza-ninos-donde-dormir-en-bossa-600x750.jpg 600w\" sizes=\"(max-width: 1080px) 100vw, 1080px\" \/><\/figure>\n\n\n\n<div style=\"height:50px\" aria-hidden=\"true\" class=\"wp-block-spacer\"><\/div>\n\n\n\n<hr class=\"wp-block-separator has-alpha-channel-opacity is-style-dots\"\/>\n\n\n\n<div style=\"height:40px\" aria-hidden=\"true\" class=\"wp-block-spacer\"><\/div>\n\n\n\n<h3 class=\"wp-block-heading has-text-align-center\"><strong>Santa Eulalia: Id\u00e9al pour dormir \u00e0 Ibiza avec des enfants et se d\u00e9tendre<\/strong><\/h3>\n\n\n\n<div style=\"height:20px\" aria-hidden=\"true\" class=\"wp-block-spacer\"><\/div>\n\n\n\n<figure class=\"wp-block-image aligncenter size-large is-resized\"><img loading=\"lazy\" decoding=\"async\" width=\"940\" height=\"788\" src=\"https:\/\/viajandodo.com\/wp-content\/uploads\/2021\/05\/dormir-en-Ibiza-con-nin\u0303os-Santa-Eulalia.jpg\" alt=\"\" class=\"wp-image-25779\" style=\"aspect-ratio:1.1939655172413792;width:294px;height:auto\" srcset=\"https:\/\/viajandodo.com\/wp-content\/uploads\/2021\/05\/dormir-en-Ibiza-con-nin\u0303os-Santa-Eulalia.jpg 940w, https:\/\/viajandodo.com\/wp-content\/uploads\/2021\/05\/dormir-en-Ibiza-con-nin\u0303os-Santa-Eulalia-300x251.jpg 300w, https:\/\/viajandodo.com\/wp-content\/uploads\/2021\/05\/dormir-en-Ibiza-con-nin\u0303os-Santa-Eulalia-600x503.jpg 600w, https:\/\/viajandodo.com\/wp-content\/uploads\/2021\/05\/dormir-en-Ibiza-con-nin\u0303os-Santa-Eulalia-768x644.jpg 768w, https:\/\/viajandodo.com\/wp-content\/uploads\/2021\/05\/dormir-en-Ibiza-con-nin\u0303os-Santa-Eulalia-222x186.jpg 222w, https:\/\/viajandodo.com\/wp-content\/uploads\/2021\/05\/dormir-en-Ibiza-con-nin\u0303os-Santa-Eulalia-72x60.jpg 72w, https:\/\/viajandodo.com\/wp-content\/uploads\/2021\/05\/dormir-en-Ibiza-con-nin\u0303os-Santa-Eulalia-107x90.jpg 107w\" sizes=\"(max-width: 940px) 100vw, 940px\" \/><\/figure>\n\n\n\n<div style=\"height:20px\" aria-hidden=\"true\" class=\"wp-block-spacer\"><\/div>\n\n\n\n<p>Santa Eulalia est une destination id\u00e9ale pour les familles avec enfants \u00e0 Ibiza, offrant une multitude d\u2019activit\u00e9s et de lieux \u00e0 d\u00e9couvrir. Ses plages tranquilles, comme la <strong>plage de Santa Eulalia<\/strong>, sont parfaites pour se d\u00e9tendre et pratiquer des sports nautiques.<\/p>\n\n\n\n<p>La promenade et le port offrent une atmosph\u00e8re paisible, avec des restaurants et des boutiques. Les familles peuvent explorer le parc naturel de Ses Feixes, une zone humide travers\u00e9e par des sentiers de randonn\u00e9e, et profiter de la possibilit\u00e9 d\u2019observer la faune. On y trouve \u00e9galement des espaces comme le <strong>parc pour enfants de S\u2019Alamera<\/strong>, id\u00e9al pour les plus jeunes.<\/p>\n\n\n\n<p>De plus, les march\u00e9s locaux et les excursions en bateau sont d\u2019excellentes fa\u00e7ons d\u2019appr\u00e9cier le paysage. Cette petite ville c\u00f4ti\u00e8re est situ\u00e9e <strong>\u00e0 seulement 20 km d\u2019Ibiza Ville<\/strong>, et pour les familles, il est bon de savoir qu\u2019elle propose un <strong>large choix d\u2019h\u00e9bergements adapt\u00e9s.<\/strong><\/p>\n\n\n\n<p>Un autre avantage de <strong>la petite ville de Santa Eulalia<\/strong> (ou Santa Eul\u00e0ria des Riu) est <strong>son \u00e9loignement des grandes discoth\u00e8ques de l\u2019\u00eele<\/strong>, ce qui en fait un lieu o\u00f9 r\u00e8gnent g\u00e9n\u00e9ralement calme et tranquillit\u00e9.<\/p>\n\n\n\n<p>Le village poss\u00e8de une petite plage id\u00e9ale pour les familles avec de jeunes enfants et se trouve <strong>\u00e0 proximit\u00e9 de certaines des plus belles plages de l\u2019\u00eele<\/strong>, comme Es Can\u00e1, Cala Llonga, Cala Le\u00f1a, Cala Nova, Cala Martina et S\u2019Argamassa, entre autres. Santa Eulalia est sans aucun doute un lieu de <strong>s\u00e9jour id\u00e9al \u00e0 Ibiza pour les familles avec enfants.<\/strong><\/p>\n\n\n\n<div style=\"height:40px\" aria-hidden=\"true\" class=\"wp-block-spacer\"><\/div>\n\n\n\n<ul class=\"wp-block-list has-medium-font-size\">\n<li><strong>Consultez les h\u00e9bergements avec enfants \u00e0 Santa Eulalia<\/strong> <a href=\"https:\/\/www.booking.com\/searchresults.fr.html?city=-401737&aid=1651010&no_rooms=1&group_adults=2&group_children=2&room1=A%2CA%2C12%2C12\" target=\"_blank\" rel=\"noreferrer noopener\">ICI<\/a><\/li>\n<\/ul>\n\n\n\n<div style=\"height:40px\" aria-hidden=\"true\" class=\"wp-block-spacer\"><\/div>\n\n\n\n<figure class=\"wp-block-image aligncenter size-full\"><img loading=\"lazy\" decoding=\"async\" width=\"1080\" height=\"1350\" src=\"https:\/\/viajandodo.com\/wp-content\/uploads\/2021\/06\/Ibiza-con-ninos-alojamietos-por-zonas.jpg\" alt=\"Dormir en ibiza con ni\u00f1os en Santa Eulalia\" class=\"wp-image-33594\" srcset=\"https:\/\/viajandodo.com\/wp-content\/uploads\/2021\/06\/Ibiza-con-ninos-alojamietos-por-zonas.jpg 1080w, https:\/\/viajandodo.com\/wp-content\/uploads\/2021\/06\/Ibiza-con-ninos-alojamietos-por-zonas-768x960.jpg 768w, https:\/\/viajandodo.com\/wp-content\/uploads\/2021\/06\/Ibiza-con-ninos-alojamietos-por-zonas-300x375.jpg 300w, https:\/\/viajandodo.com\/wp-content\/uploads\/2021\/06\/Ibiza-con-ninos-alojamietos-por-zonas-600x750.jpg 600w\" sizes=\"(max-width: 1080px) 100vw, 1080px\" \/><\/figure>\n\n\n\n<div style=\"height:50px\" aria-hidden=\"true\" class=\"wp-block-spacer\"><\/div>\n\n\n\n<hr class=\"wp-block-separator has-alpha-channel-opacity is-style-dots\"\/>\n\n\n\n<div style=\"height:40px\" aria-hidden=\"true\" class=\"wp-block-spacer\"><\/div>\n\n\n\n<h3 class=\"wp-block-heading has-text-align-center\"><strong>Playa d\u2019Es Figueral<\/strong><\/h3>\n\n\n\n<div style=\"height:20px\" aria-hidden=\"true\" class=\"wp-block-spacer\"><\/div>\n\n\n\n<figure class=\"wp-block-image aligncenter size-large is-resized\"><img loading=\"lazy\" decoding=\"async\" width=\"940\" height=\"788\" src=\"https:\/\/viajandodo.com\/wp-content\/uploads\/2021\/05\/dormir-en-Ibiza-con-nin\u0303os-Es-Figueral.jpg\" alt=\"\" class=\"wp-image-25786\" style=\"width:289px;height:242px\" srcset=\"https:\/\/viajandodo.com\/wp-content\/uploads\/2021\/05\/dormir-en-Ibiza-con-nin\u0303os-Es-Figueral.jpg 940w, https:\/\/viajandodo.com\/wp-content\/uploads\/2021\/05\/dormir-en-Ibiza-con-nin\u0303os-Es-Figueral-300x251.jpg 300w, https:\/\/viajandodo.com\/wp-content\/uploads\/2021\/05\/dormir-en-Ibiza-con-nin\u0303os-Es-Figueral-600x503.jpg 600w, https:\/\/viajandodo.com\/wp-content\/uploads\/2021\/05\/dormir-en-Ibiza-con-nin\u0303os-Es-Figueral-768x644.jpg 768w, https:\/\/viajandodo.com\/wp-content\/uploads\/2021\/05\/dormir-en-Ibiza-con-nin\u0303os-Es-Figueral-222x186.jpg 222w, https:\/\/viajandodo.com\/wp-content\/uploads\/2021\/05\/dormir-en-Ibiza-con-nin\u0303os-Es-Figueral-72x60.jpg 72w, https:\/\/viajandodo.com\/wp-content\/uploads\/2021\/05\/dormir-en-Ibiza-con-nin\u0303os-Es-Figueral-107x90.jpg 107w\" sizes=\"(max-width: 940px) 100vw, 940px\" \/><\/figure>\n\n\n\n<div style=\"height:20px\" aria-hidden=\"true\" class=\"wp-block-spacer\"><\/div>\n\n\n\n<p><strong>La plage d\u2019Es Figueral<\/strong> est une autre excellente option pour <strong>se loger \u00e0 Ibiza en familles<\/strong>. Elle propose un large choix d\u2019appart\u2019h\u00f4tels et d\u2019h\u00f4tels anim\u00e9s, dont certains disposent m\u00eame d\u2019un parc aquatique. Tous ces \u00e9tablissements sont con\u00e7us pour le plaisir des enfants de tous \u00e2ges. <strong><a href=\"https:\/\/www.booking.com\/hotel\/es\/invisa-club-cala-blanca.fr.html?aid=1651010&no_rooms=1&group_adults=2&group_children=2&room1=A%2CA%2C12%2C12\" type=\"link\" id=\"https:\/\/www.booking.com\/hotel\/es\/invisa-club-cala-blanca.fr.html?aid=1651010&no_rooms=1&group_adults=2&group_children=2&room1=A%2CA%2C12%2C12\">L\u2019Invisa Hotel Club Cala Blanca*<\/a> <\/strong>et <a href=\"https:\/\/www.booking.com\/hotel\/es\/invisa-club-cala-verde.fr.html?aid=1651010&no_rooms=1&group_adults=2&group_children=2&room1=A%2CA%2C12%2C12\" type=\"link\" id=\"https:\/\/www.booking.com\/hotel\/es\/invisa-club-cala-verde.fr.html?aid=1651010&no_rooms=1&group_adults=2&group_children=2&room1=A%2CA%2C12%2C12\"><strong>l\u2019Invisa Hotel Club Cala Verde<\/strong>*<\/a> sont nos recommandations principales.<\/p>\n\n\n\n<p><strong>La plage y est g\u00e9n\u00e9ralement calme<\/strong> et moins fr\u00e9quent\u00e9e que les autres (bien qu\u2019en haute saison, il puisse \u00eatre difficile d\u2019y trouver un coin tranquille), et toutes les commodit\u00e9s sont \u00e0 proximit\u00e9.<\/p>\n\n\n\n<div style=\"height:40px\" aria-hidden=\"true\" class=\"wp-block-spacer\"><\/div>\n\n\n\n<figure class=\"wp-block-image aligncenter size-full\"><img loading=\"lazy\" decoding=\"async\" width=\"1080\" height=\"1350\" src=\"https:\/\/viajandodo.com\/wp-content\/uploads\/2021\/06\/ALOJAMIENTOS-IBIZA-NINOS.jpg\" alt=\"DONDE DORMIR EN IBIZA CON NI\u00d1OS: Playa Es Figueral\" class=\"wp-image-33595\" srcset=\"https:\/\/viajandodo.com\/wp-content\/uploads\/2021\/06\/ALOJAMIENTOS-IBIZA-NINOS.jpg 1080w, https:\/\/viajandodo.com\/wp-content\/uploads\/2021\/06\/ALOJAMIENTOS-IBIZA-NINOS-768x960.jpg 768w, https:\/\/viajandodo.com\/wp-content\/uploads\/2021\/06\/ALOJAMIENTOS-IBIZA-NINOS-300x375.jpg 300w, https:\/\/viajandodo.com\/wp-content\/uploads\/2021\/06\/ALOJAMIENTOS-IBIZA-NINOS-600x750.jpg 600w\" sizes=\"(max-width: 1080px) 100vw, 1080px\" \/><\/figure>\n\n\n\n<div style=\"height:40px\" aria-hidden=\"true\" class=\"wp-block-spacer\"><\/div>\n\n\n\n<p>Dans les environs, vous trouverez \u00e9galement des <strong>commerces, des supermarch\u00e9s et des restaurants,<\/strong> vous ne manquerez donc de rien, et n\u2019oubliez pas votre \u00e9quipement de <strong>snorkeling\u00a0<\/strong>: masque, tuba, chaussures d\u2019eau, palmes\u2026<\/p>\n\n\n\n<div style=\"height:40px\" aria-hidden=\"true\" class=\"wp-block-spacer\"><\/div>\n\n\n\n<ul class=\"wp-block-list has-medium-font-size\">\n<li><strong>Voir les h\u00e9bergements pour familles \u00e0 Playa d\u2019es Figueral<\/strong> <a href=\"https:\/\/www.booking.com\/searchresults.fr.html?city=900050266&aid=1651010&no_rooms=1&group_adults=2&group_children=2&room1=A%2CA%2C12%2C12\" target=\"_blank\" rel=\"noreferrer noopener\"><strong>ICI<\/strong><\/a><\/li>\n<\/ul>\n\n\n\n<div style=\"height:39px\" aria-hidden=\"true\" class=\"wp-block-spacer\"><\/div>\n\n\n\n<hr class=\"wp-block-separator has-alpha-channel-opacity is-style-dots\"\/>\n\n\n\n<div style=\"height:40px\" aria-hidden=\"true\" class=\"wp-block-spacer\"><\/div>\n\n\n\n<h3 class=\"wp-block-heading has-text-align-center\"><strong>Cala Llonga<\/strong><\/h3>\n\n\n\n<div style=\"height:20px\" aria-hidden=\"true\" class=\"wp-block-spacer\"><\/div>\n\n\n\n<figure class=\"wp-block-image aligncenter size-large is-resized\"><img loading=\"lazy\" decoding=\"async\" width=\"940\" height=\"788\" src=\"https:\/\/viajandodo.com\/wp-content\/uploads\/2021\/05\/dormir-en-ibiza-con-nin\u0303os-Cala-Llonga.jpg\" alt=\"\" class=\"wp-image-25785\" style=\"width:239px;height:200px\" srcset=\"https:\/\/viajandodo.com\/wp-content\/uploads\/2021\/05\/dormir-en-ibiza-con-nin\u0303os-Cala-Llonga.jpg 940w, https:\/\/viajandodo.com\/wp-content\/uploads\/2021\/05\/dormir-en-ibiza-con-nin\u0303os-Cala-Llonga-300x251.jpg 300w, https:\/\/viajandodo.com\/wp-content\/uploads\/2021\/05\/dormir-en-ibiza-con-nin\u0303os-Cala-Llonga-600x503.jpg 600w, https:\/\/viajandodo.com\/wp-content\/uploads\/2021\/05\/dormir-en-ibiza-con-nin\u0303os-Cala-Llonga-768x644.jpg 768w, https:\/\/viajandodo.com\/wp-content\/uploads\/2021\/05\/dormir-en-ibiza-con-nin\u0303os-Cala-Llonga-222x186.jpg 222w, https:\/\/viajandodo.com\/wp-content\/uploads\/2021\/05\/dormir-en-ibiza-con-nin\u0303os-Cala-Llonga-72x60.jpg 72w, https:\/\/viajandodo.com\/wp-content\/uploads\/2021\/05\/dormir-en-ibiza-con-nin\u0303os-Cala-Llonga-107x90.jpg 107w\" sizes=\"(max-width: 940px) 100vw, 940px\" \/><\/figure>\n\n\n\n<div style=\"height:20px\" aria-hidden=\"true\" class=\"wp-block-spacer\"><\/div>\n\n\n\n<p>Elle est tr\u00e8s r\u00e9put\u00e9e car, comme son nom l\u2019indique, <strong>c\u2019est l\u2019une des plus grandes plages de l\u2019\u00eele<\/strong>. Id\u00e9ale pour les familles avec de jeunes enfants, elle offre des <strong>eaux calmes et peu profondes<\/strong>, ainsi qu\u2019une <strong>aire de jeux pour enfants<\/strong>. Tout comme sur la plage pr\u00e9c\u00e9dente, vous pourrez y pratiquer <strong>la plong\u00e9e avec tuba ou le paddle.<\/strong><\/p>\n\n\n\n<p>C\u2019est sans aucun doute l\u2019un des endroits les plus paisibles. Le soir, l\u2019ambiance y est plut\u00f4t calme, mais vous trouverez toujours des restaurants pour vous promener ou d\u00eener. <strong>Proche de Santa Eulalia<\/strong>, cette ville est \u00e9galement facilement accessible. En bref, si vous recherchez le calme et la tranquillit\u00e9 en famille, <strong>Cala Llonga <\/strong>est une autre destination que nous recommandons vivement pour un <strong>s\u00e9jour \u00e0 Ibiza avec des enfants.<\/strong><\/p>\n\n\n\n<div style=\"height:40px\" aria-hidden=\"true\" class=\"wp-block-spacer\"><\/div>\n\n\n\n<ul class=\"wp-block-list has-medium-font-size\">\n<li><strong>Voir les h\u00e9bergements avec enfants \u00e0 Cala Llonga<\/strong> <a href=\"https:\/\/www.booking.com\/searchresults.fr.html?city=900048015&aid=1651010&no_rooms=1&group_adults=2&group_children=2&room1=A%2CA%2C12%2C12\" target=\"_blank\" rel=\"noreferrer noopener\"><strong>ICI<\/strong><\/a><\/li>\n<\/ul>\n\n\n\n<div style=\"height:40px\" aria-hidden=\"true\" class=\"wp-block-spacer\"><\/div>\n\n\n\n<figure class=\"wp-block-image aligncenter size-full\"><img loading=\"lazy\" decoding=\"async\" width=\"1080\" height=\"1350\" src=\"https:\/\/viajandodo.com\/wp-content\/uploads\/2021\/06\/Dormir-Ibiza-ninos-mejores-zonas-de-la-isla.jpg\" alt=\"Donde dormir en Ibiza con ni\u00f1os: Cala Llonga\" class=\"wp-image-33596\" srcset=\"https:\/\/viajandodo.com\/wp-content\/uploads\/2021\/06\/Dormir-Ibiza-ninos-mejores-zonas-de-la-isla.jpg 1080w, https:\/\/viajandodo.com\/wp-content\/uploads\/2021\/06\/Dormir-Ibiza-ninos-mejores-zonas-de-la-isla-768x960.jpg 768w, https:\/\/viajandodo.com\/wp-content\/uploads\/2021\/06\/Dormir-Ibiza-ninos-mejores-zonas-de-la-isla-300x375.jpg 300w, https:\/\/viajandodo.com\/wp-content\/uploads\/2021\/06\/Dormir-Ibiza-ninos-mejores-zonas-de-la-isla-600x750.jpg 600w\" sizes=\"(max-width: 1080px) 100vw, 1080px\" \/><\/figure>\n\n\n\n<div style=\"height:50px\" aria-hidden=\"true\" class=\"wp-block-spacer\"><\/div>\n\n\n\n<hr class=\"wp-block-separator has-css-opacity\"\/>\n\n\n\n<p class=\"has-text-align-center has-background\" style=\"background-color:#fff4ed;font-size:28px\"><strong>VISITA LA TIENDA VIAJANDODO <a href=\"https:\/\/viajandodo.com\/tienda\/\" target=\"_blank\" rel=\"noreferrer noopener\">AQUI<\/a><\/strong><\/p>\n\n\n\n<hr class=\"wp-block-separator has-css-opacity\"\/>\n\n\n\n<div style=\"height:50px\" aria-hidden=\"true\" class=\"wp-block-spacer\"><\/div>\n\n\n\n<h2 class=\"wp-block-heading has-text-align-center\"><span class=\"ez-toc-section\" id=\"PLANIFIEZ_VOTRE_VOYAGE_A_IBIZA\"><\/span><strong>PLANIFIEZ VOTRE VOYAGE \u00c0 IBIZA<\/strong><span class=\"ez-toc-section-end\"><\/span><\/h2>\n\n\n\n<div style=\"height:50px\" aria-hidden=\"true\" class=\"wp-block-spacer\"><\/div>\n\n\n\n<ul class=\"wp-block-list has-medium-font-size\">\n<li><strong>Vols pas chers pour Ibiza <\/strong><a href=\"https:\/\/clk.tradedoubler.com\/click?p=15407&a=3092965\" target=\"_blank\" rel=\"noreferrer noopener\"><strong>ICI<\/strong><\/a><\/li>\n<\/ul>\n\n\n\n<div style=\"height:30px\" aria-hidden=\"true\" class=\"wp-block-spacer\"><\/div>\n\n\n\n<ul class=\"wp-block-list has-medium-font-size\">\n<li><strong>Transferts de l\u2019a\u00e9roport \u00e0 votre h\u00e9bergement \u00e0 Ibiza <\/strong><a href=\"https:\/\/www.civitatis.com\/es\/ibiza\/traslados\/?aid=11976\" target=\"_blank\" rel=\"noreferrer noopener\"><strong>ICI<\/strong><\/a><\/li>\n<\/ul>\n\n\n\n<div style=\"height:30px\" aria-hidden=\"true\" class=\"wp-block-spacer\"><\/div>\n\n\n\n<ul class=\"wp-block-list has-medium-font-size\">\n<li><strong>Louez votre voiture \u00e0 Ibiza aux meilleures conditions <\/strong><a href=\"https:\/\/clk.tradedoubler.com\/click?p=74391&a=3092965\" target=\"_blank\" rel=\"noreferrer noopener\"><strong>ICI<\/strong><\/a><\/li>\n<\/ul>\n\n\n\n<div style=\"height:30px\" aria-hidden=\"true\" class=\"wp-block-spacer\"><\/div>\n\n\n\n<ul class=\"wp-block-list has-medium-font-size\">\n<li><strong>Visites guid\u00e9es gratuites en espagnol d\u2019Ibiza avec enfants, excursions en bateau et autres activit\u00e9s. <\/strong><a href=\"https:\/\/www.civitatis.com\/es\/ibiza\/?aid=11976\" target=\"_blank\" rel=\"noreferrer noopener\"><strong>ICI<\/strong><\/a><\/li>\n<\/ul>\n\n\n\n<div style=\"height:30px\" aria-hidden=\"true\" class=\"wp-block-spacer\"><\/div>\n\n\n\n<ul class=\"wp-block-list has-medium-font-size\">\n<li><strong>Plus d\u2019activit\u00e9s pour les familles \u00e0 Ibiza<\/strong> <a href=\"https:\/\/www.getyourguide.es\/ibiza-l276\/?partner_id=CUCKHU7&utm_medium=platforms_and_communities&placement=content-middle&cmp=ibiza\" target=\"_blank\" rel=\"noreferrer noopener\"><strong>ICI<\/strong><\/a><\/li>\n<\/ul>\n\n\n\n<div style=\"height:40px\" aria-hidden=\"true\" class=\"wp-block-spacer\"><\/div>\n\n\n\n<hr class=\"wp-block-separator has-css-opacity\"\/>\n\n\n\n<p class=\"has-text-align-center has-background\" style=\"background-color:#def5ff;font-size:28px\"><strong>+ H\u00d4TELS \u00c0 IBIZA AVEC LES ENFANTS <\/strong><a href=\"https:\/\/www.booking.com\/searchresults.fr.html?region=1408&aid=1651010&no_rooms=1&group_adults=2&group_children=2&room1=A%2CA%2C12%2C12\" target=\"_blank\" rel=\"noreferrer noopener\">ICI<\/a><\/p>\n\n\n\n<hr class=\"wp-block-separator has-css-opacity\"\/>\n\n\n\n<div style=\"height:40px\" aria-hidden=\"true\" class=\"wp-block-spacer\"><\/div>\n\n\n\n<h2 class=\"wp-block-heading has-text-align-center\"><strong>OPTIONS D\u2019H\u00c9BERGEMENT \u00c0 IBIZA AVEC DES ENFANTS<\/strong><\/h2>\n\n\n\n<div style=\"height:50px\" aria-hidden=\"true\" class=\"wp-block-spacer\"><\/div>\n\n\n\n<h3 class=\"wp-block-heading has-text-align-center\"><strong>Playa Bella Apartments<\/strong>***<\/h3>\n\n\n\n<div style=\"height:39px\" aria-hidden=\"true\" class=\"wp-block-spacer\"><\/div>\n\n\n\n<p>Cet <strong>appart\u2019h\u00f4tel <\/strong>est situ\u00e9 dans la magnifique <strong>baie de San Antonio<\/strong>, directement <strong>sur la plage<\/strong>. Les appartements spacieux comprennent une cuisine enti\u00e8rement \u00e9quip\u00e9e, un r\u00e9frig\u00e9rateur, un grille-pain, une bouilloire, la climatisation, une t\u00e9l\u00e9vision \u00e0 \u00e9cran plat, une connexion Wi-Fi gratuite et un balcon, dont beaucoup offrent une vue sur la mer.<\/p>\n\n\n\n<p>C\u00f4t\u00e9 \u00e9quipements, vous trouverez d<strong>eux piscines\u00a0: une grande et une pataugeoire avec toboggans et jeux<\/strong>. <strong>Deux restaurants internationaux<\/strong>, une terrasse donnant sur la M\u00e9diterran\u00e9e et un large choix de restaurants se trouvent \u00e9galement \u00e0 proximit\u00e9. Un <strong>parking public gratuit<\/strong> est disponible juste \u00e0 c\u00f4t\u00e9.<\/p>\n\n\n\n<div style=\"height:40px\" aria-hidden=\"true\" class=\"wp-block-spacer\"><\/div>\n\n\n\n<ul class=\"wp-block-list\">\n<li class=\"has-medium-font-size\"><strong>R\u00e9servez votre s\u00e9jour en famille au<\/strong> <strong>Playa Bella Apartments <\/strong><a href=\"https:\/\/www.booking.com\/hotel\/es\/playa-bella-apartments.fr.html?aid=1651010&no_rooms=1&group_adults=2&group_children=2&room1=A%2CA%2C12%2C12\" target=\"_blank\" rel=\"noreferrer noopener\"><strong>ICI<\/strong><\/a><\/li>\n<\/ul>\n\n\n\n<div style=\"height:50px\" aria-hidden=\"true\" class=\"wp-block-spacer\"><\/div>\n\n\n\n<figure class=\"wp-block-image aligncenter size-full\"><img loading=\"lazy\" decoding=\"async\" width=\"1080\" height=\"1350\" src=\"https:\/\/viajandodo.com\/wp-content\/uploads\/2021\/06\/Dormir-Ibiza-ninos.jpg\" alt=\"Mejores alojamientos Ibiza ni\u00f1os\" class=\"wp-image-33597\" srcset=\"https:\/\/viajandodo.com\/wp-content\/uploads\/2021\/06\/Dormir-Ibiza-ninos.jpg 1080w, https:\/\/viajandodo.com\/wp-content\/uploads\/2021\/06\/Dormir-Ibiza-ninos-768x960.jpg 768w, https:\/\/viajandodo.com\/wp-content\/uploads\/2021\/06\/Dormir-Ibiza-ninos-300x375.jpg 300w, https:\/\/viajandodo.com\/wp-content\/uploads\/2021\/06\/Dormir-Ibiza-ninos-600x750.jpg 600w\" sizes=\"(max-width: 1080px) 100vw, 1080px\" \/><\/figure>\n\n\n\n<div style=\"height:60px\" aria-hidden=\"true\" class=\"wp-block-spacer\"><\/div>\n\n\n\n<h3 class=\"wp-block-heading has-text-align-center\"><strong>Appartements Pierre & Vacances Ros Ibiza<\/strong><\/h3>\n\n\n\n<div style=\"height:40px\" aria-hidden=\"true\" class=\"wp-block-spacer\"><\/div>\n\n\n\n<p>Ces appartements sont situ\u00e9s \u00e0 seulement <strong>50 m\u00e8tres de la plage d\u2019Els Pins \u00e0 Santa Eulalia<\/strong>, l\u2019un des meilleurs quartiers pour <strong>se loger \u00e0 Ibiza avec des enfants<\/strong>. Ils se trouvent \u00e9galement \u00e0 environ 15 minutes en voiture d\u2019Ibiza Ville et \u00e0 22 km de l\u2019a\u00e9roport.<\/p>\n\n\n\n<p>Spacieux et climatis\u00e9s, ces <strong>appartements<\/strong> comprennent un s\u00e9jour\/salle \u00e0 manger et une cuisine s\u00e9par\u00e9e \u00e9quip\u00e9e d\u2019un r\u00e9frig\u00e9rateur, d\u2019un micro-ondes, d\u2019une bouilloire et d\u2019un grille-pain. La t\u00e9l\u00e9vision par satellite et une connexion Wi-Fi gratuite sont \u00e9galement fournies. <strong>Des serviettes de plage et de piscine ainsi qu\u2019un kit de nettoyage sont mis \u00e0 votre disposition \u00e0 votre arriv\u00e9e<\/strong>. L\u2019\u00e9tablissement dispose d\u2019<strong>un caf\u00e9 et d\u2019une piscine ext\u00e9rieure avec bassin pour enfants.<\/strong><\/p>\n\n\n\n<p>Le centre de Santa Eulalia, avec ses nombreux restaurants, bars et boutiques, est <strong>accessible en seulement dix minutes \u00e0 pied.<\/strong><\/p>\n\n\n\n<div style=\"height:40px\" aria-hidden=\"true\" class=\"wp-block-spacer\"><\/div>\n\n\n\n<ul class=\"wp-block-list\">\n<li class=\"has-medium-font-size\"><strong>R\u00e9servez un s\u00e9jour en famille dans les appartements Pierre & Vacances Ros Ibiza <\/strong><a href=\"https:\/\/www.booking.com\/hotel\/es\/apartamentos-ros.fr.html?aid=1651010&no_rooms=1&group_adults=2&group_children=2&room1=A%2CA%2C12%2C12\" target=\"_blank\" rel=\"noreferrer noopener\"><strong>ICI<\/strong><\/a><\/li>\n<\/ul>\n\n\n\n<div style=\"height:40px\" aria-hidden=\"true\" class=\"wp-block-spacer\"><\/div>\n\n\n\n<figure class=\"wp-block-image aligncenter size-full\"><img loading=\"lazy\" decoding=\"async\" width=\"1080\" height=\"1350\" src=\"https:\/\/viajandodo.com\/wp-content\/uploads\/2021\/06\/Ibiza-alojamientos-familiares.jpg\" alt=\"Donde dormir en ibiza con ni\u00f1os: mejores alojamientos para familias\" class=\"wp-image-33599\" srcset=\"https:\/\/viajandodo.com\/wp-content\/uploads\/2021\/06\/Ibiza-alojamientos-familiares.jpg 1080w, https:\/\/viajandodo.com\/wp-content\/uploads\/2021\/06\/Ibiza-alojamientos-familiares-768x960.jpg 768w, https:\/\/viajandodo.com\/wp-content\/uploads\/2021\/06\/Ibiza-alojamientos-familiares-300x375.jpg 300w, https:\/\/viajandodo.com\/wp-content\/uploads\/2021\/06\/Ibiza-alojamientos-familiares-600x750.jpg 600w\" sizes=\"(max-width: 1080px) 100vw, 1080px\" \/><\/figure>\n\n\n\n<div style=\"height:60px\" aria-hidden=\"true\" class=\"wp-block-spacer\"><\/div>\n\n\n\n<h3 class=\"wp-block-heading has-text-align-center\"><strong><strong>Grand Palladium Palace Ibiza Resort & Spa- All Inclusive<\/strong><\/strong>*****<\/h3>\n\n\n\n<div style=\"height:40px\" aria-hidden=\"true\" class=\"wp-block-spacer\"><\/div>\n\n\n\n<p>Voici un autre h\u00e9bergement fortement recommand\u00e9 si vous cherchez un lieu de <strong>s\u00e9jour \u00e0 Ibiza avec des enfants<\/strong>, dont vous vous souviendrez \u00e0 coup s\u00fbr gr\u00e2ce \u00e0 toutes ses prestations.<\/p>\n\n\n\n<p>Le Gran Palladium est <strong>situ\u00e9 directement sur la plage de Playa d\u2019en Bossa<\/strong>. Ses chambres sont climatis\u00e9es et \u00e9quip\u00e9es d\u2019un bain \u00e0 remous, du Wi-Fi et, pour la plupart, offrent une vue sur la mer. L\u2019h\u00f4tel dispose de <strong>quatre piscines d\u2019eau douce, de sept courts de tennis, d\u2019une salle de sport et d\u2019un spa.<\/strong><\/p>\n\n\n\n<p>L\u2019h\u00f4tel propose \u00e9galement un large \u00e9ventail d\u2019<strong>activit\u00e9s pour adultes et enfants, un parking gratuit, trois restaurants buffet et quatre restaurants \u00e0 la carte<\/strong>, un bar en bord de piscine et un bar dans le hall. Vous h\u00e9sitez encore\u00a0?<\/p>\n\n\n\n<div style=\"height:40px\" aria-hidden=\"true\" class=\"wp-block-spacer\"><\/div>\n\n\n\n<ul class=\"wp-block-list\">\n<li class=\"has-medium-font-size\"><strong>R\u00e9servez dans le resort Gran Palladium Palace <\/strong><a href=\"https:\/\/www.booking.com\/hotel\/es\/palladium-palace-ibiza-resort.fr.html?aid=1651010&no_rooms=1&group_adults=2&group_children=2&room1=A%2CA%2C12%2C12\"><strong>ICI<\/strong><\/a><\/li>\n<\/ul>\n\n\n\n<div style=\"height:40px\" aria-hidden=\"true\" class=\"wp-block-spacer\"><\/div>\n\n\n\n<figure class=\"wp-block-image size-full\"><img loading=\"lazy\" decoding=\"async\" width=\"1080\" height=\"1350\" src=\"https:\/\/viajandodo.com\/wp-content\/uploads\/2021\/06\/Ibiza-ninos-mejores-hoteles.jpg\" alt=\"Donde dormir en Ibiza con ni\u00f1os: mejores hoteles\" class=\"wp-image-33600\" srcset=\"https:\/\/viajandodo.com\/wp-content\/uploads\/2021\/06\/Ibiza-ninos-mejores-hoteles.jpg 1080w, https:\/\/viajandodo.com\/wp-content\/uploads\/2021\/06\/Ibiza-ninos-mejores-hoteles-768x960.jpg 768w, https:\/\/viajandodo.com\/wp-content\/uploads\/2021\/06\/Ibiza-ninos-mejores-hoteles-300x375.jpg 300w, https:\/\/viajandodo.com\/wp-content\/uploads\/2021\/06\/Ibiza-ninos-mejores-hoteles-600x750.jpg 600w\" sizes=\"(max-width: 1080px) 100vw, 1080px\" \/><\/figure>\n\n\n\n<div style=\"height:40px\" aria-hidden=\"true\" class=\"wp-block-spacer\"><\/div>\n\n\n\n<h3 class=\"wp-block-heading\">D\u00e9couvrez \u00e9galement ces h\u00e9bergements id\u00e9aux avec piscine et toboggans aquatiques pour un s\u00e9jour \u00e0 Ibiza avec des enfants\u00a0:<\/h3>\n\n\n\n<div style=\"height:49px\" aria-hidden=\"true\" class=\"wp-block-spacer\"><\/div>\n\n\n\n<ul class=\"wp-block-list\">\n<li><strong><a href=\"https:\/\/www.booking.com\/hotel\/es\/marvell-complex.fr.html?aid=1651010&no_rooms=1&group_adults=2&group_children=2&room1=A%2CA%2C12%2C12\" target=\"_blank\" rel=\"noreferrer noopener\">Marvell Club Hotel & Apartments****<\/a><\/strong><\/li>\n<\/ul>\n\n\n\n<div style=\"height:25px\" aria-hidden=\"true\" class=\"wp-block-spacer\"><\/div>\n\n\n\n<ul class=\"wp-block-list\">\n<li><strong><a href=\"https:\/\/www.booking.com\/hotel\/es\/invisa-club-cala-blanca.fr.html?aid=1651010&no_rooms=1&group_adults=2&group_children=2&room1=A%2CA%2C12%2C12\" target=\"_blank\" rel=\"noreferrer noopener\">Invisa Hotel Club Cala Blanca***<\/a><\/strong><\/li>\n<\/ul>\n\n\n\n<div style=\"height:25px\" aria-hidden=\"true\" class=\"wp-block-spacer\"><\/div>\n\n\n\n<ul class=\"wp-block-list\">\n<li><strong><a href=\"https:\/\/www.booking.com\/hotel\/es\/caribe.fr.html?aid=1651010&no_rooms=1&group_adults=2&group_children=2&room1=A%2CA%2C12%2C12\" target=\"_blank\" rel=\"noreferrer noopener\">Hotel Caribe IBIZA***<\/a><\/strong><\/li>\n<\/ul>\n\n\n\n<div style=\"height:25px\" aria-hidden=\"true\" class=\"wp-block-spacer\"><\/div>\n\n\n\n<ul class=\"wp-block-list\">\n<li><strong><a href=\"https:\/\/www.booking.com\/hotel\/es\/invisa-ereso.fr.html?aid=1651010&no_rooms=1&group_adults=2&group_children=2&room1=A%2CA%2C12%2C12\" target=\"_blank\" rel=\"noreferrer noopener\">Invisa Ereso All Inclusive***<\/a><\/strong><\/li>\n<\/ul>\n\n\n\n<div style=\"height:25px\" aria-hidden=\"true\" class=\"wp-block-spacer\"><\/div>\n\n\n\n<ul class=\"wp-block-list\">\n<li><strong><a href=\"https:\/\/www.booking.com\/hotel\/es\/apartamentos-balansat.fr.html?aid=1651010&no_rooms=1&group_adults=2&group_children=2&room1=A%2CA%2C12%2C12\" target=\"_blank\" rel=\"noreferrer noopener\">Balansat Resort****<\/a><\/strong><\/li>\n<\/ul>\n\n\n\n<div style=\"height:25px\" aria-hidden=\"true\" class=\"wp-block-spacer\"><\/div>\n\n\n\n<ul class=\"wp-block-list\">\n<li><strong><a href=\"https:\/\/www.booking.com\/hotel\/es\/azuline-club-cala-martina-ibiza.fr.html?aid=1651010&no_rooms=1&group_adults=2&group_children=2&room1=A%2CA%2C12%2C12\" target=\"_blank\" rel=\"noreferrer noopener\">FERGUS Style Punta Arabi****<\/a><\/strong><\/li>\n<\/ul>\n\n\n\n<div style=\"height:25px\" aria-hidden=\"true\" class=\"wp-block-spacer\"><\/div>\n\n\n\n<ul class=\"wp-block-list\">\n<li><strong><a href=\"https:\/\/www.booking.com\/hotel\/es\/tui-magic-life-cala-pada.fr.html?aid=1651010&no_rooms=1&group_adults=2&group_children=2&room1=A%2CA%2C12%2C12\" target=\"_blank\" rel=\"noreferrer noopener\">TUI MAGIC LIFE Cala Pada \u2013 All Inclusive****<\/a><\/strong><\/li>\n<\/ul>\n\n\n\n<div style=\"height:25px\" aria-hidden=\"true\" class=\"wp-block-spacer\"><\/div>\n\n\n\n<ul class=\"wp-block-list\">\n<li><strong><a href=\"https:\/\/www.booking.com\/hotel\/es\/miami-ibiza.fr.html?aid=1651010&no_rooms=1&group_adults=2&group_children=2&room1=A%2CA%2C12%2C12\" target=\"_blank\" rel=\"noreferrer noopener\">Leonardo Royal Hotel Ibiza Santa Eulalia****<\/a><\/strong><\/li>\n<\/ul>\n\n\n\n<div style=\"height:25px\" aria-hidden=\"true\" class=\"wp-block-spacer\"><\/div>\n\n\n\n<ul class=\"wp-block-list\">\n<li><strong><a href=\"https:\/\/www.booking.com\/hotel\/es\/aparthotel-tropic-garden.fr.html?aid=1651010&no_rooms=1&group_adults=2&group_children=2&room1=A%2CA%2C12%2C12\" target=\"_blank\" rel=\"noreferrer noopener\">Aparthotel Tropic Garden****<\/a><\/strong><\/li>\n<\/ul>\n\n\n\n<div style=\"height:50px\" aria-hidden=\"true\" class=\"wp-block-spacer\"><\/div>\n\n\n\n<hr class=\"wp-block-separator has-css-opacity\"\/>\n\n\n\n<p class=\"has-text-align-center has-background\" style=\"background-color:#ffeec0;font-size:28px\"><strong>SUSCRIBE AL BLOG <a href=\"https:\/\/viajandodo.com\/suscribete-al-blog\/\" target=\"_blank\" rel=\"noreferrer noopener\">AQUI<\/a><\/strong><\/p>\n\n\n\n<hr class=\"wp-block-separator has-css-opacity\"\/>\n\n\n\n<div style=\"height:40px\" aria-hidden=\"true\" class=\"wp-block-spacer\"><\/div>\n\n\n\n<h2 class=\"wp-block-heading has-text-align-center\"><span class=\"ez-toc-section\" id=\"AUTRES_HEBERGEMENTS_A_IBIZA_AVEC_ENFANTS\"><\/span><strong>AUTRES H\u00c9BERGEMENTS \u00c0 IBIZA AVEC ENFANTS<\/strong><span class=\"ez-toc-section-end\"><\/span><\/h2>\n\n\n\n<div style=\"height:50px\" aria-hidden=\"true\" class=\"wp-block-spacer\"><\/div>\n\n\n\n<p>Puisqu\u2019il n\u2019existe pas qu\u2019une seule fa\u00e7on de voyager ni qu\u2019un seul type de famille, voici quelques autres suggestions d\u2019<strong>h\u00e9bergement \u00e0 Ibiza avec enfants<\/strong>, adapt\u00e9es \u00e0 tous les go\u00fbts\u00a0:<\/p>\n\n\n\n<div style=\"height:40px\" aria-hidden=\"true\" class=\"wp-block-spacer\"><\/div>\n\n\n\n<h3 class=\"wp-block-heading has-text-align-center\">L\u2019agritourisme \u00e0<strong> Ibiza con ni\u00f1os<\/strong><\/h3>\n\n\n\n<div style=\"height:50px\" aria-hidden=\"true\" class=\"wp-block-spacer\"><\/div>\n\n\n\n<ul class=\"wp-block-list has-medium-font-size\">\n<li><strong><a href=\"https:\/\/www.booking.com\/hotel\/es\/atzaro.fr.html?aid=1651010&no_rooms=1&group_adults=2&group_children=2&room1=A%2CA%2C12%2C12\" target=\"_blank\" rel=\"noreferrer noopener\">Agroturismo Atzaro<\/a> *****<\/strong><\/li>\n<\/ul>\n\n\n\n<div style=\"height:30px\" aria-hidden=\"true\" class=\"wp-block-spacer\"><\/div>\n\n\n\n<ul class=\"wp-block-list has-medium-font-size\">\n<li><strong><a href=\"https:\/\/www.booking.com\/hotel\/es\/can-sastre.fr.html?aid=1651010&no_rooms=1&group_adults=2&group_children=2&room1=A%2CA%2C12%2C12\" target=\"_blank\" rel=\"noreferrer noopener\">Hotel Can Sastre<\/a><\/strong><\/li>\n<\/ul>\n\n\n\n<div style=\"height:30px\" aria-hidden=\"true\" class=\"wp-block-spacer\"><\/div>\n\n\n\n<div style=\"height:60px\" aria-hidden=\"true\" class=\"wp-block-spacer\"><\/div>\n\n\n\n<h3 class=\"wp-block-heading has-text-align-center\"><strong>Villas<\/strong> <strong>en Ibiza con ni\u00f1os<\/strong><\/h3>\n\n\n\n<div style=\"height:50px\" aria-hidden=\"true\" class=\"wp-block-spacer\"><\/div>\n\n\n\n<ul class=\"wp-block-list has-medium-font-size\">\n<li><strong><a href=\"https:\/\/www.booking.com\/hotel\/es\/architect-country-villa.fr.html?aid=1651010&no_rooms=1&group_adults=2&group_children=2&room1=A%2CA%2C12%2C12\" target=\"_blank\" rel=\"noreferrer noopener\">VILLA CAN MASS Architect Country Villa<\/a><\/strong><\/li>\n<\/ul>\n\n\n\n<div style=\"height:30px\" aria-hidden=\"true\" class=\"wp-block-spacer\"><\/div>\n\n\n\n<ul class=\"wp-block-list has-medium-font-size\">\n<li><strong>Voir toutes les villas \u00e0 Ibiza pour se loger en famille <\/strong><a href=\"https:\/\/www.booking.com\/searchresults.fr.html?region=1408&nflt=hoteltag%253D7%253Bht_id%253D220&aid=1651010&no_rooms=1&group_adults=2&group_children=2&room1=A%2CA%2C12%2C12\" target=\"_blank\" rel=\"noreferrer noopener\"><strong>ICI<\/strong><\/a><\/li>\n<\/ul>\n\n\n\n<div style=\"height:101px\" aria-hidden=\"true\" class=\"wp-block-spacer\"><\/div>\n\n\n\n<h3 class=\"wp-block-heading has-text-align-center\">Auberges de jeunesse et maisons d\u2019h\u00f4tes \u00e0 Ibiza acceptant les enfants<\/h3>\n\n\n\n<div style=\"height:50px\" aria-hidden=\"true\" class=\"wp-block-spacer\"><\/div>\n\n\n\n<ul class=\"wp-block-list has-medium-font-size\">\n<li><strong><a href=\"https:\/\/www.booking.com\/hotel\/es\/hostal-cala-moli.fr.html?aid=1651010&no_rooms=1&group_adults=2&group_children=2&room1=A%2CA%2C12%2C12\" target=\"_blank\" rel=\"noreferrer noopener\">Hostal Cala Moli<\/a><\/strong> ***<\/li>\n<\/ul>\n\n\n\n<div style=\"height:30px\" aria-hidden=\"true\" class=\"wp-block-spacer\"><\/div>\n\n\n\n<ul class=\"wp-block-list has-medium-font-size\">\n<li><strong><a href=\"https:\/\/www.booking.com\/hotel\/es\/hostal-cala-boix.fr.html?aid=1651010&no_rooms=1&group_adults=2&group_children=2&room1=A%2CA%2C12%2C12\" target=\"_blank\" rel=\"noreferrer noopener\">Hostal Cala Boix<\/a><\/strong> *<\/li>\n<\/ul>\n\n\n\n<div style=\"height:30px\" aria-hidden=\"true\" class=\"wp-block-spacer\"><\/div>\n\n\n\n<ul class=\"wp-block-list has-medium-font-size\">\n<li><strong><a href=\"https:\/\/www.booking.com\/hotel\/es\/hostal-talamanca.fr.html?aid=1651010&no_rooms=1&group_adults=2&group_children=2&room1=A%2CA%2C12%2C12\" target=\"_blank\" rel=\"noreferrer noopener\">Hostal Talamanca<\/a><\/strong> **<\/li>\n<\/ul>\n\n\n\n<div style=\"height:30px\" aria-hidden=\"true\" class=\"wp-block-spacer\"><\/div>\n\n\n\n<ul class=\"wp-block-list has-medium-font-size\">\n<li><strong>Toutes les auberges et maisons d\u2019h\u00f4tes d\u2019Ibiza acceptant les enfants <\/strong><a href=\"https:\/\/www.booking.com\/searchresults.fr.html?region=1408&nflt=ht_id%253D218%253Bht_id%253D216&aid=1651010&no_rooms=1&group_adults=2&group_children=2&room1=A%2CA%2C12%2C12\" target=\"_blank\" rel=\"noreferrer noopener\"><strong>ICI<\/strong><\/a><\/li>\n<\/ul>\n\n\n\n<div style=\"height:60px\" aria-hidden=\"true\" class=\"wp-block-spacer\"><\/div>\n\n\n\n<hr class=\"wp-block-separator has-css-opacity\"\/>\n\n\n\n<p class=\"has-text-align-center has-background\" style=\"background-color:#e4f7ff;font-size:22px\"><strong>TOUS LES H\u00c9BERGEMENTS \u00c0 IBIZA AVEC ENFANTS <a href=\"https:\/\/www.booking.com\/searchresults.es.html?region=1408&aid=1651009&no_rooms=1&group_adults=2&group_children=2&room1=A%2CA%2C0%2C0\" target=\"_blank\" rel=\"noreferrer noopener\">ICI<\/a><\/strong><\/p>\n\n\n\n<hr class=\"wp-block-separator has-css-opacity\"\/>\n\n\n\n<div style=\"height:50px\" aria-hidden=\"true\" class=\"wp-block-spacer\"><\/div>\n\n\n\n<h2 class=\"wp-block-heading has-text-align-center\"><span class=\"ez-toc-section\" id=\"ACTIVITES_A_IBIZA_AVEC_DES_ENFANTS\"><\/span><strong>ACTIVIT\u00c9S \u00c0 IBIZA AVEC DES ENFANTS<\/strong><span class=\"ez-toc-section-end\"><\/span><\/h2>\n\n\n\n<div style=\"height:60px\" aria-hidden=\"true\" class=\"wp-block-spacer\"><\/div>\n\n\n\n<ul class=\"wp-block-list has-medium-font-size\">\n<li><strong>Visite guid\u00e9e gratuite d\u2019Ibiza en <\/strong>fran\u00e7ais<strong> <\/strong><a href=\"https:\/\/www.civitatis.com\/es\/ibiza-ciudad\/free-tour-ibiza\/?aid=11976\" target=\"_blank\" rel=\"noreferrer noopener\"><strong>ICI<\/strong><\/a><\/li>\n<\/ul>\n\n\n\n<div style=\"height:30px\" aria-hidden=\"true\" class=\"wp-block-spacer\"><\/div>\n\n\n\n<ul class=\"wp-block-list has-medium-font-size\">\n<li class=\"has-medium-font-size\"><strong>Plong\u00e9e sous-marine et snorkeling \u00e0 Ibiza pour d\u00e9butants<\/strong> <a href=\"https:\/\/www.getyourguide.es\/ibiza-l276\/ibiza-buceo-para-principiantes-con-opcion-de-atardecer-t24324\/?partner_id=CUCKHU7&utm_medium=platforms_and_communities&placement=content-middle&cmp=esnorquelibiza\" target=\"_blank\" rel=\"noreferrer noopener\"><strong>ICI<\/strong><\/a><\/li>\n<\/ul>\n\n\n\n<div style=\"height:30px\" aria-hidden=\"true\" class=\"wp-block-spacer\"><\/div>\n\n\n\n<ul class=\"wp-block-list has-medium-font-size\">\n<li class=\"has-medium-font-size\"><strong>Ibiza : Croisi\u00e8re d\u2019une demi-journ\u00e9e pour les familles avec d\u00e9jeuner <\/strong><a href=\"https:\/\/www.getyourguide.es\/ibiza-l276\/ibiza-crucero-familiar-en-barco-con-almuerzo-t388556\/?partner_id=CUCKHU7&utm_medium=platforms_and_communities&placement=content-middle&cmp=crucerofamiliaribiza\" target=\"_blank\" rel=\"noreferrer noopener\"><strong>ICI<\/strong><\/a><\/li>\n<\/ul>\n\n\n\n<div style=\"height:30px\" aria-hidden=\"true\" class=\"wp-block-spacer\"><\/div>\n\n\n\n<ul class=\"wp-block-list has-medium-font-size\">\n<li class=\"has-medium-font-size\"><strong>Excursion en bateau dans les criques d\u2019Ibiza au d\u00e9part de San Antonio <\/strong><a href=\"https:\/\/www.civitatis.com\/es\/san-antonio-abad\/paseo-calas-ibiza\/?aid=11976\" target=\"_blank\" rel=\"noreferrer noopener\">ICI<\/a><\/li>\n<\/ul>\n\n\n\n<div style=\"height:30px\" aria-hidden=\"true\" class=\"wp-block-spacer\"><\/div>\n\n\n\n<ul class=\"wp-block-list has-medium-font-size\">\n<li><strong>Toutes les excursions et activit\u00e9s \u00e0 Ibiza avec des enfants <\/strong><a href=\"https:\/\/www.civitatis.com\/es\/ibiza\/?aid=11976\" target=\"_blank\" rel=\"noreferrer noopener\"><strong>ICI<\/strong><\/a><\/li>\n<\/ul>\n\n\n\n<div style=\"height:50px\" aria-hidden=\"true\" class=\"wp-block-spacer\"><\/div>\n\n\n\n<p>Ce qu\u2019il ne faut absolument pas manquer \u00e0 Ibiza avec des enfants\u00a0:<\/p>\n\n\n\n<div style=\"height:50px\" aria-hidden=\"true\" class=\"wp-block-spacer\"><\/div>\n\n\n\n<ul class=\"wp-block-list\">\n<li>Plages familiales\u00a0: <strong>Cala Llonga, Cala Tarida ou Cala Bassa<\/strong> (sable fin et eaux peu profondes)<\/li>\n\n\n\n<li>Journ\u00e9e au parc aquatique\u00a0: <strong>Aguamar<\/strong> (toboggans exceptionnels et espace enfants)<\/li>\n\n\n\n<li>Excursion \u00e0 la <strong>Cova de Can Mar\u00e7\u00e0<\/strong> (grotte spectaculaire pour les amateurs d\u2019aventure)<\/li>\n\n\n\n<li>Visite de l\u2019<strong>Aquarium du Cap Blanc<\/strong> (situ\u00e9 dans une grotte, un lieu unique et p\u00e9dagogique)<\/li>\n\n\n\n<li>Fl\u00e2nerie au march\u00e9 hippie de <strong>Las Dalias<\/strong> (ambiance familiale, ateliers et spectacles)<\/li>\n\n\n\n<li><strong>Journ\u00e9e snorkeling ou activit\u00e9s nautiques<\/strong> (de nombreuses plages proposent des activit\u00e9s pour les enfants)<\/li>\n\n\n\n<li>Randonn\u00e9e p\u00e9destre ou \u00e0 v\u00e9lo facile (options dynamiques et accessibles aux plus petits)<\/li>\n\n\n\n<li>Promenade dans des villages comme <strong>Santa Eul\u00e0ria ou la vieille ville<\/strong> (une sortie d\u00e9tente avec glace incluse)<\/li>\n\n\n\n<li>Rencontres avec les animaux\u00a0: balade \u00e0 cheval, par exemple \u00e0 la Vall\u00e9e des Chevaux d\u2019Ibiza<\/li>\n<\/ul>\n\n\n\n<div style=\"height:60px\" aria-hidden=\"true\" class=\"wp-block-spacer\"><\/div>\n\n\n\n<hr class=\"wp-block-separator has-css-opacity\"\/>\n\n\n\n<p class=\"has-text-align-center has-white-color has-text-color has-background\" style=\"background-color:#005938;font-size:28px\"><strong>% SUR TON ASSURANCE VOYAGE FAMILIALE<\/strong><\/p>\n\n\n\n<div style=\"height:20px\" aria-hidden=\"true\" class=\"wp-block-spacer\"><\/div>\n\n\n\n<figure class=\"wp-block-image aligncenter size-full is-resized\"><a href=\"https:\/\/heymondo.fr\/?utm_medium=Afiliado&utm_source=VIAJANDODOFR&utm_campaign=PRINCIPAL&cod_descuento=VIAJANDODOFR&ag_campaign=ENTR%C3%89E&agencia=vbjWR9OscP9dooXcd6uOffBRCFGd10nPx3PH9SJa\" target=\"_blank\" rel=\"noreferrer noopener\"><img loading=\"lazy\" decoding=\"async\" width=\"1080\" height=\"1350\" src=\"https:\/\/viajandodo.com\/wp-content\/uploads\/2026\/02\/@viajandodo.png\" alt=\"\" class=\"wp-image-38007\" style=\"width:556px;height:auto\" srcset=\"https:\/\/viajandodo.com\/wp-content\/uploads\/2026\/02\/@viajandodo.png 1080w, https:\/\/viajandodo.com\/wp-content\/uploads\/2026\/02\/@viajandodo-768x960.png 768w, https:\/\/viajandodo.com\/wp-content\/uploads\/2026\/02\/@viajandodo-300x375.png 300w, https:\/\/viajandodo.com\/wp-content\/uploads\/2026\/02\/@viajandodo-600x750.png 600w\" sizes=\"(max-width: 1080px) 100vw, 1080px\" \/><\/a><\/figure>\n\n\n\n<div style=\"height:30px\" aria-hidden=\"true\" class=\"wp-block-spacer\"><\/div>\n\n\n\n<hr class=\"wp-block-separator has-css-opacity\"\/>\n\n\n\n<p class=\"has-text-align-center has-white-color has-text-color has-background\" style=\"background-color:#2c3233;font-size:28px\"><strong>VOYAGE A IBIZA MOINS CHER<\/strong><\/p>\n\n\n\n<div style=\"height:50px\" aria-hidden=\"true\" class=\"wp-block-spacer\"><\/div>\n\n\n\n<figure class=\"wp-block-table\"><table class=\"has-fixed-layout\"><tbody><tr><td class=\"has-text-align-left\" data-align=\"left\"><strong><a href=\"https:\/\/clk.tradedoubler.com\/click?p=15407&a=3092965\">Trouvez les meilleures offres de vols.<\/a><\/strong> N\u2019oubliez pas d\u2019examiner attentivement toutes les options.<br><br><strong><a href=\"https:\/\/www.civitatis.com\/es\/traslados\/?aid=11976\">Vos transferts a\u00e9roport-h\u00f4tel <\/a><\/strong>dans le monde entier<br><br><strong><a href=\"https:\/\/clk.tradedoubler.com\/click?p=74391&a=3092965\">Louez votre voiture aux meilleures conditions<\/a><\/strong> et voyagez \u00e0 votre rythme.<br><br><a href=\"https:\/\/www.booking.com\/index.html?aid=1651010\"><strong>R\u00e9servez les meilleurs h\u00e9bergements au meilleur prix<\/strong>,<\/a> adapt\u00e9s aux familles et avec annulation gratuite dans de nombreux cas.<br><br><strong><a href=\"https:\/\/www.civitatis.com\/es\/?aid=11976\">R\u00e9servez les meilleures visites et excursions<\/a><\/strong> \u00e0 travers le monde, en fran\u00e7ais, pour ne rien manquer avec vos enfants.<br><br><strong>\u00c9conomisez <a href=\"https:\/\/heymondo.fr\/?utm_medium=Afiliado&utm_source=VIAJANDODOFR&utm_campaign=PRINCIPAL&cod_descuento=VIAJANDODOFR&ag_campaign=ENTR\u00c9E&agencia=vbjWR9OscP9dooXcd6uOffBRCFGd10nPx3PH9SJa\">15 % + 5 % sur votre assurance voyage familiale.<\/a><\/strong> Ajoutez une garantie annulation \u00e0 vos options compl\u00e9mentaires, au cas o\u00f9.<br><br><strong><a href=\"https:\/\/viajandodo.com\/tienda\/\">Achetez tout ce dont vous avez besoin pour votre voyage<\/a> dans la boutique Viajandodo<\/strong><br><\/td><\/tr><\/tbody><\/table><\/figure>\n\n\n\n<div style=\"height:30px\" aria-hidden=\"true\" class=\"wp-block-spacer\"><\/div>\n\n\n\n<hr class=\"wp-block-separator has-css-opacity\"\/>\n\n\n\n<p class=\"has-text-align-center has-white-color has-text-color has-background\" style=\"background-color:#003b70;font-size:28px\"><strong>TU PEUX AUSSI LIRE<\/strong><\/p>\n\n\n\n<div style=\"height:40px\" aria-hidden=\"true\" class=\"wp-block-spacer\"><\/div>\n\n\n\n<p class=\"has-text-align-center\" style=\"font-size:28px\"><a href=\"https:\/\/viajandodo.com\/fr\/ou-sejourner-majorque-enfants\/\" target=\"_blank\" rel=\"noreferrer noopener\"><strong>Les meilleurs quartiers o\u00f9 s\u00e9journer \u00e0 Majorque avec des enfants<\/strong><\/a><\/p>\n\n\n\n<div style=\"height:40px\" aria-hidden=\"true\" class=\"wp-block-spacer\"><\/div>\n\n\n\n<p class=\"has-text-align-center\" style=\"font-size:28px\"><a href=\"https:\/\/viajandodo.com\/fr\/ou-sejourner-minorque-enfants\/\" target=\"_blank\" rel=\"noreferrer noopener\"><strong>Guide des meilleurs h\u00e9bergements \u00e0 Minorque pour les familles<\/strong><\/a><\/p>\n\n\n\n<div style=\"height:40px\" aria-hidden=\"true\" class=\"wp-block-spacer\"><\/div>\n\n\n\n<p class=\"has-text-align-center\" style=\"font-size:28px\"><a href=\"https:\/\/viajandodo.com\/fr\/ou-sejourner-sicile-enfants\/\" target=\"_blank\" rel=\"noreferrer noopener\"><strong>Guide des meilleurs h\u00e9bergements en Sicile pour les familles<\/strong><\/a><\/p>\n\n\n\n<div style=\"height:50px\" aria-hidden=\"true\" class=\"wp-block-spacer\"><\/div>\n\n\n\n<hr class=\"wp-block-separator has-css-opacity\"\/>\n\n\n\n<p class=\"has-text-align-center has-background\" style=\"background-color:#ffede0;font-size:22px\"><strong>SUIS NOUS SUR INSTAGRAM <a href=\"https:\/\/www.instagram.com\/viajandodo\/\" target=\"_blank\" rel=\"noreferrer noopener\">@VIAJANDODO<\/a><\/strong><\/p>\n\n\n\n<hr class=\"wp-block-separator has-css-opacity\"\/>\n\n\n\n<div style=\"height:50px\" aria-hidden=\"true\" class=\"wp-block-spacer\"><\/div>\n\n\n\n<p class=\"has-small-font-size\">Viajandodo participe \u00e0 des programmes d\u2019affiliation avec les entreprises mentionn\u00e9es dans cet article. Ainsi, chaque fois que vous r\u00e9servez un vol, un circuit, une excursion, un h\u00e9bergement ou tout autre produit ou service propos\u00e9 sur notre site web, nous recevons une petite commission. Cela nous permet de poursuivre le projet Viajandodo et d\u2019aider de nombreuses familles \u00e0 voyager avec leurs enfants. Merci de votre confiance et de votre soutien\u00a0!<\/p>\n\n\n\n<div style=\"height:30px\" aria-hidden=\"true\" class=\"wp-block-spacer\"><\/div>\n\n\n\n<p><strong>Nous esp\u00e9rons que notre article sur les meilleurs endroits o\u00f9 s\u00e9journer \u00e0 Ibiza avec des enfants vous a \u00e9t\u00e9 utile. Si vous avez des questions, n\u2019h\u00e9sitez pas \u00e0 nous laisser un message ci-dessous. Nous nous ferons un plaisir d\u2019y r\u00e9pondre.<\/strong><\/p>\n\n\n\n<figure class=\"wp-block-image size-large is-resized\"><img loading=\"lazy\" decoding=\"async\" width=\"488\" height=\"508\" src=\"https:\/\/viajandodo.com\/wp-content\/uploads\/2019\/06\/Autora-Lourdes-Alias-Mama-Tick-Tack-2.png\" alt=\"\" class=\"wp-image-15823\" style=\"aspect-ratio:0.9607843137254902;width:279px;height:auto\" srcset=\"https:\/\/viajandodo.com\/wp-content\/uploads\/2019\/06\/Autora-Lourdes-Alias-Mama-Tick-Tack-2.png 488w, https:\/\/viajandodo.com\/wp-content\/uploads\/2019\/06\/Autora-Lourdes-Alias-Mama-Tick-Tack-2-300x312.png 300w, https:\/\/viajandodo.com\/wp-content\/uploads\/2019\/06\/Autora-Lourdes-Alias-Mama-Tick-Tack-2-179x186.png 179w\" sizes=\"(max-width: 488px) 100vw, 488px\" \/><\/figure>\n\n\n\n<div style=\"height:60px\" aria-hidden=\"true\" class=\"wp-block-spacer\"><\/div>\n","protected":false},"excerpt":{"rendered":"<p>En tant que famille de voyageurs, nous savons que trouver un logement \u00e0 Ibiza avec des enfants peut \u00eatre une v\u00e9ritable aventure si vous ne connaissez pas l\u2019\u00eele. Ibiza est r\u00e9put\u00e9e pour son ambiance festive permanente. Cependant, si vous pr\u00e9voyez un voyage en famille, rassurez-vous\u00a0: il existe aussi de nombreux endroits pour se d\u00e9tendre et [&hellip;]<\/p>\n","protected":false},"author":1,"featured_media":38042,"comment_status":"open","ping_status":"open","sticky":false,"template":"","format":"standard","meta":{"footnotes":""},"categories":[2170,2161,2162,2163,2169],"tags":[2197,2198,2199],"class_list":["post-38179","post","type-post","status-publish","format-standard","has-post-thumbnail","hentry","category-blog-fr","category-destinations","category-espagne","category-europe","category-hebergements","tag-camping-ibiza-enfants","tag-dormir-ibiza-enfants","tag-hotel-ibiza-enfants"],"yoast_head":"<!-- This site is optimized with the Yoast SEO plugin v27.5 - https:\/\/yoast.com\/product\/yoast-seo-wordpress\/ -->\n<title>O\u00f9 dormir \u00e0 Ibiza avec des enfants? - Viajandodo<\/title>\n<meta name=\"description\" content=\"Vous ne savez pas o\u00f9 loger \u00e0 Ibiza avec des enfants\u00a0? Nous vous d\u00e9voilons les meilleurs quartiers et bons plans adapt\u00e9s aux familles\u00a0!\" \/>\n<meta name=\"robots\" content=\"index, follow, max-snippet:-1, max-image-preview:large, max-video-preview:-1\" \/>\n<link rel=\"canonical\" href=\"https:\/\/viajandodo.com\/fr\/dormir-ibiza-enfants\/\" \/>\n<meta property=\"og:locale\" content=\"fr_FR\" \/>\n<meta property=\"og:type\" content=\"article\" \/>\n<meta property=\"og:title\" content=\"O\u00f9 dormir \u00e0 Ibiza avec des enfants? - Viajandodo\" \/>\n<meta property=\"og:description\" content=\"Vous ne savez pas o\u00f9 loger \u00e0 Ibiza avec des enfants\u00a0? Nous vous d\u00e9voilons les meilleurs quartiers et bons plans adapt\u00e9s aux familles\u00a0!\" \/>\n<meta property=\"og:url\" content=\"https:\/\/viajandodo.com\/fr\/dormir-ibiza-enfants\/\" \/>\n<meta property=\"og:site_name\" content=\"Viajandodo\" \/>\n<meta property=\"article:publisher\" content=\"https:\/\/www.facebook.com\/blogviajandodo\" \/>\n<meta property=\"article:published_time\" content=\"2021-06-02T13:09:44+00:00\" \/>\n<meta property=\"article:modified_time\" content=\"2026-03-18T06:44:18+00:00\" \/>\n<meta property=\"og:image\" content=\"https:\/\/viajandodo.com\/wp-content\/uploads\/2025\/05\/5.jpg\" \/>\n\t<meta property=\"og:image:width\" content=\"940\" \/>\n\t<meta property=\"og:image:height\" content=\"788\" \/>\n\t<meta property=\"og:image:type\" content=\"image\/jpeg\" \/>\n<meta name=\"author\" content=\"Viajandodo\" \/>\n<meta name=\"twitter:label1\" content=\"\u00c9crit par\" \/>\n\t<meta name=\"twitter:data1\" content=\"Viajandodo\" \/>\n\t<meta name=\"twitter:label2\" content=\"Dur\u00e9e de lecture estim\u00e9e\" \/>\n\t<meta name=\"twitter:data2\" content=\"11 minutes\" \/>\n<script type=\"application\/ld+json\" class=\"yoast-schema-graph\">{\"@context\":\"https:\\\/\\\/schema.org\",\"@graph\":[{\"@type\":\"Article\",\"@id\":\"https:\\\/\\\/viajandodo.com\\\/fr\\\/dormir-ibiza-enfants\\\/#article\",\"isPartOf\":{\"@id\":\"https:\\\/\\\/viajandodo.com\\\/fr\\\/dormir-ibiza-enfants\\\/\"},\"author\":{\"name\":\"Viajandodo\",\"@id\":\"https:\\\/\\\/viajandodo.com\\\/fr\\\/#\\\/schema\\\/person\\\/abd48ead51c08705f6eb7591cae4b5b7\"},\"headline\":\"O\u00f9 dormir \u00e0 Ibiza avec des enfants?\",\"datePublished\":\"2021-06-02T13:09:44+00:00\",\"dateModified\":\"2026-03-18T06:44:18+00:00\",\"mainEntityOfPage\":{\"@id\":\"https:\\\/\\\/viajandodo.com\\\/fr\\\/dormir-ibiza-enfants\\\/\"},\"wordCount\":2217,\"commentCount\":0,\"publisher\":{\"@id\":\"https:\\\/\\\/viajandodo.com\\\/fr\\\/#organization\"},\"image\":{\"@id\":\"https:\\\/\\\/viajandodo.com\\\/fr\\\/dormir-ibiza-enfants\\\/#primaryimage\"},\"thumbnailUrl\":\"https:\\\/\\\/viajandodo.com\\\/wp-content\\\/uploads\\\/2025\\\/05\\\/5.jpg\",\"keywords\":[\"camping ibiza enfants\",\"dormir ibiza enfants\",\"hotel ibiza enfants\"],\"articleSection\":[\"Blog\",\"Destinations\",\"Espagne\",\"Europe\",\"H\u00e9bergements\"],\"inLanguage\":\"fr-FR\",\"potentialAction\":[{\"@type\":\"CommentAction\",\"name\":\"Comment\",\"target\":[\"https:\\\/\\\/viajandodo.com\\\/fr\\\/dormir-ibiza-enfants\\\/#respond\"]}]},{\"@type\":\"WebPage\",\"@id\":\"https:\\\/\\\/viajandodo.com\\\/fr\\\/dormir-ibiza-enfants\\\/\",\"url\":\"https:\\\/\\\/viajandodo.com\\\/fr\\\/dormir-ibiza-enfants\\\/\",\"name\":\"O\u00f9 dormir \u00e0 Ibiza avec des enfants? - Viajandodo\",\"isPartOf\":{\"@id\":\"https:\\\/\\\/viajandodo.com\\\/fr\\\/#website\"},\"primaryImageOfPage\":{\"@id\":\"https:\\\/\\\/viajandodo.com\\\/fr\\\/dormir-ibiza-enfants\\\/#primaryimage\"},\"image\":{\"@id\":\"https:\\\/\\\/viajandodo.com\\\/fr\\\/dormir-ibiza-enfants\\\/#primaryimage\"},\"thumbnailUrl\":\"https:\\\/\\\/viajandodo.com\\\/wp-content\\\/uploads\\\/2025\\\/05\\\/5.jpg\",\"datePublished\":\"2021-06-02T13:09:44+00:00\",\"dateModified\":\"2026-03-18T06:44:18+00:00\",\"description\":\"Vous ne savez pas o\u00f9 loger \u00e0 Ibiza avec des enfants\u00a0? Nous vous d\u00e9voilons les meilleurs quartiers et bons plans adapt\u00e9s aux familles\u00a0!\",\"breadcrumb\":{\"@id\":\"https:\\\/\\\/viajandodo.com\\\/fr\\\/dormir-ibiza-enfants\\\/#breadcrumb\"},\"inLanguage\":\"fr-FR\",\"potentialAction\":[{\"@type\":\"ReadAction\",\"target\":[\"https:\\\/\\\/viajandodo.com\\\/fr\\\/dormir-ibiza-enfants\\\/\"]}]},{\"@type\":\"ImageObject\",\"inLanguage\":\"fr-FR\",\"@id\":\"https:\\\/\\\/viajandodo.com\\\/fr\\\/dormir-ibiza-enfants\\\/#primaryimage\",\"url\":\"https:\\\/\\\/viajandodo.com\\\/wp-content\\\/uploads\\\/2025\\\/05\\\/5.jpg\",\"contentUrl\":\"https:\\\/\\\/viajandodo.com\\\/wp-content\\\/uploads\\\/2025\\\/05\\\/5.jpg\",\"width\":940,\"height\":788,\"caption\":\"Ou dormir \u00e0 ibiza avec des enfants?\"},{\"@type\":\"BreadcrumbList\",\"@id\":\"https:\\\/\\\/viajandodo.com\\\/fr\\\/dormir-ibiza-enfants\\\/#breadcrumb\",\"itemListElement\":[{\"@type\":\"ListItem\",\"position\":1,\"name\":\"Portada\",\"item\":\"https:\\\/\\\/viajandodo.com\\\/fr\\\/\"},{\"@type\":\"ListItem\",\"position\":2,\"name\":\"O\u00f9 dormir \u00e0 Ibiza avec des enfants?\"}]},{\"@type\":\"WebSite\",\"@id\":\"https:\\\/\\\/viajandodo.com\\\/fr\\\/#website\",\"url\":\"https:\\\/\\\/viajandodo.com\\\/fr\\\/\",\"name\":\"Viajandodo\",\"description\":\"Un blog de viajes en familia\",\"publisher\":{\"@id\":\"https:\\\/\\\/viajandodo.com\\\/fr\\\/#organization\"},\"potentialAction\":[{\"@type\":\"SearchAction\",\"target\":{\"@type\":\"EntryPoint\",\"urlTemplate\":\"https:\\\/\\\/viajandodo.com\\\/fr\\\/?s={search_term_string}\"},\"query-input\":{\"@type\":\"PropertyValueSpecification\",\"valueRequired\":true,\"valueName\":\"search_term_string\"}}],\"inLanguage\":\"fr-FR\"},{\"@type\":\"Organization\",\"@id\":\"https:\\\/\\\/viajandodo.com\\\/fr\\\/#organization\",\"name\":\"Viajandodo\",\"url\":\"https:\\\/\\\/viajandodo.com\\\/fr\\\/\",\"logo\":{\"@type\":\"ImageObject\",\"inLanguage\":\"fr-FR\",\"@id\":\"https:\\\/\\\/viajandodo.com\\\/fr\\\/#\\\/schema\\\/logo\\\/image\\\/\",\"url\":\"https:\\\/\\\/viajandodo.com\\\/wp-content\\\/uploads\\\/2018\\\/11\\\/Lourdesperez920_AC05a_R2A.png\",\"contentUrl\":\"https:\\\/\\\/viajandodo.com\\\/wp-content\\\/uploads\\\/2018\\\/11\\\/Lourdesperez920_AC05a_R2A.png\",\"width\":773,\"height\":696,\"caption\":\"Viajandodo\"},\"image\":{\"@id\":\"https:\\\/\\\/viajandodo.com\\\/fr\\\/#\\\/schema\\\/logo\\\/image\\\/\"},\"sameAs\":[\"https:\\\/\\\/www.facebook.com\\\/blogviajandodo\",\"https:\\\/\\\/x.com\\\/viajandodoblog\",\"https:\\\/\\\/www.instagram.com\\\/viajandodo\\\/\",\"https:\\\/\\\/www.pinterest.fr\\\/viajandodo\\\/_saved\\\/\",\"https:\\\/\\\/www.youtube.com\\\/channel\\\/UCGPxkIYb95n4itoCtEsTnlg\"]},{\"@type\":\"Person\",\"@id\":\"https:\\\/\\\/viajandodo.com\\\/fr\\\/#\\\/schema\\\/person\\\/abd48ead51c08705f6eb7591cae4b5b7\",\"name\":\"Viajandodo\",\"image\":{\"@type\":\"ImageObject\",\"inLanguage\":\"fr-FR\",\"@id\":\"https:\\\/\\\/viajandodo.com\\\/wp-content\\\/litespeed\\\/avatar\\\/82c1e841924ce838447ea3b78ff8206b.jpg?ver=1777317245\",\"url\":\"https:\\\/\\\/viajandodo.com\\\/wp-content\\\/litespeed\\\/avatar\\\/82c1e841924ce838447ea3b78ff8206b.jpg?ver=1777317245\",\"contentUrl\":\"https:\\\/\\\/viajandodo.com\\\/wp-content\\\/litespeed\\\/avatar\\\/82c1e841924ce838447ea3b78ff8206b.jpg?ver=1777317245\",\"caption\":\"Viajandodo\"},\"sameAs\":[\"https:\\\/\\\/viajandodo.com\"]}]}<\/script>\n<!-- \/ Yoast SEO plugin. -->","yoast_head_json":{"title":"O\u00f9 dormir \u00e0 Ibiza avec des enfants? - Viajandodo","description":"Vous ne savez pas o\u00f9 loger \u00e0 Ibiza avec des enfants\u00a0? Nous vous d\u00e9voilons les meilleurs quartiers et bons plans adapt\u00e9s aux familles\u00a0!","robots":{"index":"index","follow":"follow","max-snippet":"max-snippet:-1","max-image-preview":"max-image-preview:large","max-video-preview":"max-video-preview:-1"},"canonical":"https:\/\/viajandodo.com\/fr\/dormir-ibiza-enfants\/","og_locale":"fr_FR","og_type":"article","og_title":"O\u00f9 dormir \u00e0 Ibiza avec des enfants? - Viajandodo","og_description":"Vous ne savez pas o\u00f9 loger \u00e0 Ibiza avec des enfants\u00a0? Nous vous d\u00e9voilons les meilleurs quartiers et bons plans adapt\u00e9s aux familles\u00a0!","og_url":"https:\/\/viajandodo.com\/fr\/dormir-ibiza-enfants\/","og_site_name":"Viajandodo","article_publisher":"https:\/\/www.facebook.com\/blogviajandodo","article_published_time":"2021-06-02T13:09:44+00:00","article_modified_time":"2026-03-18T06:44:18+00:00","og_image":[{"width":940,"height":788,"url":"https:\/\/viajandodo.com\/wp-content\/uploads\/2025\/05\/5.jpg","type":"image\/jpeg"}],"author":"Viajandodo","twitter_misc":{"\u00c9crit par":"Viajandodo","Dur\u00e9e de lecture estim\u00e9e":"11 minutes"},"schema":{"@context":"https:\/\/schema.org","@graph":[{"@type":"Article","@id":"https:\/\/viajandodo.com\/fr\/dormir-ibiza-enfants\/#article","isPartOf":{"@id":"https:\/\/viajandodo.com\/fr\/dormir-ibiza-enfants\/"},"author":{"name":"Viajandodo","@id":"https:\/\/viajandodo.com\/fr\/#\/schema\/person\/abd48ead51c08705f6eb7591cae4b5b7"},"headline":"O\u00f9 dormir \u00e0 Ibiza avec des enfants?","datePublished":"2021-06-02T13:09:44+00:00","dateModified":"2026-03-18T06:44:18+00:00","mainEntityOfPage":{"@id":"https:\/\/viajandodo.com\/fr\/dormir-ibiza-enfants\/"},"wordCount":2217,"commentCount":0,"publisher":{"@id":"https:\/\/viajandodo.com\/fr\/#organization"},"image":{"@id":"https:\/\/viajandodo.com\/fr\/dormir-ibiza-enfants\/#primaryimage"},"thumbnailUrl":"https:\/\/viajandodo.com\/wp-content\/uploads\/2025\/05\/5.jpg","keywords":["camping ibiza enfants","dormir ibiza enfants","hotel ibiza enfants"],"articleSection":["Blog","Destinations","Espagne","Europe","H\u00e9bergements"],"inLanguage":"fr-FR","potentialAction":[{"@type":"CommentAction","name":"Comment","target":["https:\/\/viajandodo.com\/fr\/dormir-ibiza-enfants\/#respond"]}]},{"@type":"WebPage","@id":"https:\/\/viajandodo.com\/fr\/dormir-ibiza-enfants\/","url":"https:\/\/viajandodo.com\/fr\/dormir-ibiza-enfants\/","name":"O\u00f9 dormir \u00e0 Ibiza avec des enfants? - Viajandodo","isPartOf":{"@id":"https:\/\/viajandodo.com\/fr\/#website"},"primaryImageOfPage":{"@id":"https:\/\/viajandodo.com\/fr\/dormir-ibiza-enfants\/#primaryimage"},"image":{"@id":"https:\/\/viajandodo.com\/fr\/dormir-ibiza-enfants\/#primaryimage"},"thumbnailUrl":"https:\/\/viajandodo.com\/wp-content\/uploads\/2025\/05\/5.jpg","datePublished":"2021-06-02T13:09:44+00:00","dateModified":"2026-03-18T06:44:18+00:00","description":"Vous ne savez pas o\u00f9 loger \u00e0 Ibiza avec des enfants\u00a0? Nous vous d\u00e9voilons les meilleurs quartiers et bons plans adapt\u00e9s aux familles\u00a0!","breadcrumb":{"@id":"https:\/\/viajandodo.com\/fr\/dormir-ibiza-enfants\/#breadcrumb"},"inLanguage":"fr-FR","potentialAction":[{"@type":"ReadAction","target":["https:\/\/viajandodo.com\/fr\/dormir-ibiza-enfants\/"]}]},{"@type":"ImageObject","inLanguage":"fr-FR","@id":"https:\/\/viajandodo.com\/fr\/dormir-ibiza-enfants\/#primaryimage","url":"https:\/\/viajandodo.com\/wp-content\/uploads\/2025\/05\/5.jpg","contentUrl":"https:\/\/viajandodo.com\/wp-content\/uploads\/2025\/05\/5.jpg","width":940,"height":788,"caption":"Ou dormir \u00e0 ibiza avec des enfants?"},{"@type":"BreadcrumbList","@id":"https:\/\/viajandodo.com\/fr\/dormir-ibiza-enfants\/#breadcrumb","itemListElement":[{"@type":"ListItem","position":1,"name":"Portada","item":"https:\/\/viajandodo.com\/fr\/"},{"@type":"ListItem","position":2,"name":"O\u00f9 dormir \u00e0 Ibiza avec des enfants?"}]},{"@type":"WebSite","@id":"https:\/\/viajandodo.com\/fr\/#website","url":"https:\/\/viajandodo.com\/fr\/","name":"Viajandodo","description":"Un blog de viajes en familia","publisher":{"@id":"https:\/\/viajandodo.com\/fr\/#organization"},"potentialAction":[{"@type":"SearchAction","target":{"@type":"EntryPoint","urlTemplate":"https:\/\/viajandodo.com\/fr\/?s={search_term_string}"},"query-input":{"@type":"PropertyValueSpecification","valueRequired":true,"valueName":"search_term_string"}}],"inLanguage":"fr-FR"},{"@type":"Organization","@id":"https:\/\/viajandodo.com\/fr\/#organization","name":"Viajandodo","url":"https:\/\/viajandodo.com\/fr\/","logo":{"@type":"ImageObject","inLanguage":"fr-FR","@id":"https:\/\/viajandodo.com\/fr\/#\/schema\/logo\/image\/","url":"https:\/\/viajandodo.com\/wp-content\/uploads\/2018\/11\/Lourdesperez920_AC05a_R2A.png","contentUrl":"https:\/\/viajandodo.com\/wp-content\/uploads\/2018\/11\/Lourdesperez920_AC05a_R2A.png","width":773,"height":696,"caption":"Viajandodo"},"image":{"@id":"https:\/\/viajandodo.com\/fr\/#\/schema\/logo\/image\/"},"sameAs":["https:\/\/www.facebook.com\/blogviajandodo","https:\/\/x.com\/viajandodoblog","https:\/\/www.instagram.com\/viajandodo\/","https:\/\/www.pinterest.fr\/viajandodo\/_saved\/","https:\/\/www.youtube.com\/channel\/UCGPxkIYb95n4itoCtEsTnlg"]},{"@type":"Person","@id":"https:\/\/viajandodo.com\/fr\/#\/schema\/person\/abd48ead51c08705f6eb7591cae4b5b7","name":"Viajandodo","image":{"@type":"ImageObject","inLanguage":"fr-FR","@id":"https:\/\/viajandodo.com\/wp-content\/litespeed\/avatar\/82c1e841924ce838447ea3b78ff8206b.jpg?ver=1777317245","url":"https:\/\/viajandodo.com\/wp-content\/litespeed\/avatar\/82c1e841924ce838447ea3b78ff8206b.jpg?ver=1777317245","contentUrl":"https:\/\/viajandodo.com\/wp-content\/litespeed\/avatar\/82c1e841924ce838447ea3b78ff8206b.jpg?ver=1777317245","caption":"Viajandodo"},"sameAs":["https:\/\/viajandodo.com"]}]}},"meta_box":{"viajandodo-imagen-fichaimagen_cabecera":[{"width":128,"height":49,"file":"2021\/06\/Dormir-en-Ibiza-con-nin\u0303os-PT.jpg","filesize":47653,"sizes":{"woocommerce_thumbnail":{"file":"Dormir-en-Ibiza-con-nin\u0303os-PT-300x114.jpg","width":300,"height":114,"mime-type":"image\/jpeg","filesize":11104,"uncropped":true,"url":"https:\/\/viajandodo.com\/wp-content\/uploads\/2021\/06\/Dormir-en-Ibiza-con-nin\u0303os-PT-300x114.jpg"},"woocommerce_gallery_thumbnail":{"file":"Dormir-en-Ibiza-con-nin\u0303os-PT-100x100.jpg","width":100,"height":100,"mime-type":"image\/jpeg","filesize":3419,"url":"https:\/\/viajandodo.com\/wp-content\/uploads\/2021\/06\/Dormir-en-Ibiza-con-nin\u0303os-PT-100x100.jpg"},"woocommerce_single":{"file":"Dormir-en-Ibiza-con-nin\u0303os-PT-600x228.jpg","width":600,"height":228,"mime-type":"image\/jpeg","filesize":35799,"url":"https:\/\/viajandodo.com\/wp-content\/uploads\/2021\/06\/Dormir-en-Ibiza-con-nin\u0303os-PT-600x228.jpg"},"medium_large":{"file":"Dormir-en-Ibiza-con-nin\u0303os-PT-768x292.jpg","width":768,"height":292,"mime-type":"image\/jpeg","url":"https:\/\/viajandodo.com\/wp-content\/uploads\/2021\/06\/Dormir-en-Ibiza-con-nin\u0303os-PT-768x292.jpg"},"theta-thumb":{"file":"Dormir-en-Ibiza-con-nin\u0303os-PT-360x137.jpg","width":360,"height":137,"mime-type":"image\/jpeg","url":"https:\/\/viajandodo.com\/wp-content\/uploads\/2021\/06\/Dormir-en-Ibiza-con-nin\u0303os-PT-360x137.jpg"},"shop_catalog":{"file":"Dormir-en-Ibiza-con-nin\u0303os-PT-300x114.jpg","width":300,"height":114,"mime-type":"image\/jpeg","url":"https:\/\/viajandodo.com\/wp-content\/uploads\/2021\/06\/Dormir-en-Ibiza-con-nin\u0303os-PT-300x114.jpg"},"shop_single":{"file":"Dormir-en-Ibiza-con-nin\u0303os-PT-600x228.jpg","width":600,"height":228,"mime-type":"image\/jpeg","url":"https:\/\/viajandodo.com\/wp-content\/uploads\/2021\/06\/Dormir-en-Ibiza-con-nin\u0303os-PT-600x228.jpg"},"shop_thumbnail":{"file":"Dormir-en-Ibiza-con-nin\u0303os-PT-100x100.jpg","width":100,"height":100,"mime-type":"image\/jpeg","url":"https:\/\/viajandodo.com\/wp-content\/uploads\/2021\/06\/Dormir-en-Ibiza-con-nin\u0303os-PT-100x100.jpg"},"ppec_logo_image_size":{"file":"Dormir-en-Ibiza-con-nin\u0303os-PT-158x60.jpg","width":158,"height":60,"mime-type":"image\/jpeg","url":"https:\/\/viajandodo.com\/wp-content\/uploads\/2021\/06\/Dormir-en-Ibiza-con-nin\u0303os-PT-158x60.jpg"},"ppec_header_image_size":{"file":"Dormir-en-Ibiza-con-nin\u0303os-PT-237x90.jpg","width":237,"height":90,"mime-type":"image\/jpeg","url":"https:\/\/viajandodo.com\/wp-content\/uploads\/2021\/06\/Dormir-en-Ibiza-con-nin\u0303os-PT-237x90.jpg"}},"image_meta":{"aperture":"0","credit":"","camera":"","caption":"","created_timestamp":"0","copyright":"","focal_length":"0","iso":"0","shutter_speed":"0","title":"","orientation":"0","keywords":[]},"ID":"38165","name":"Dormir-en-Ibiza-con-nin\u0303os-PT.jpg","path":"\/home\/viajan20\/public_html\/wp-content\/uploads\/2021\/06\/Dormir-en-Ibiza-con-nin\u0303os-PT.jpg","url":"https:\/\/viajandodo.com\/wp-content\/uploads\/2021\/06\/Dormir-en-Ibiza-con-nin\u0303os-PT.jpg","full_url":"https:\/\/viajandodo.com\/wp-content\/uploads\/2021\/06\/Dormir-en-Ibiza-con-nin\u0303os-PT.jpg","title":"\u00bfQu\u00e9 llevar a la playa para beb\u00e9s?","caption":"","description":"","alt":"","srcset":"https:\/\/viajandodo.com\/wp-content\/uploads\/2021\/06\/Dormir-en-Ibiza-con-nin\u0303os-PT.jpg 820w, https:\/\/viajandodo.com\/wp-content\/uploads\/2021\/06\/Dormir-en-Ibiza-con-nin\u0303os-PT-300x114.jpg 300w, https:\/\/viajandodo.com\/wp-content\/uploads\/2021\/06\/Dormir-en-Ibiza-con-nin\u0303os-PT-600x228.jpg 600w, https:\/\/viajandodo.com\/wp-content\/uploads\/2021\/06\/Dormir-en-Ibiza-con-nin\u0303os-PT-768x292.jpg 768w, https:\/\/viajandodo.com\/wp-content\/uploads\/2021\/06\/Dormir-en-Ibiza-con-nin\u0303os-PT-360x137.jpg 360w, https:\/\/viajandodo.com\/wp-content\/uploads\/2021\/06\/Dormir-en-Ibiza-con-nin\u0303os-PT-158x60.jpg 158w, https:\/\/viajandodo.com\/wp-content\/uploads\/2021\/06\/Dormir-en-Ibiza-con-nin\u0303os-PT-237x90.jpg 237w"}]},"_links":{"self":[{"href":"https:\/\/viajandodo.com\/fr\/wp-json\/wp\/v2\/posts\/38179","targetHints":{"allow":["GET"]}}],"collection":[{"href":"https:\/\/viajandodo.com\/fr\/wp-json\/wp\/v2\/posts"}],"about":[{"href":"https:\/\/viajandodo.com\/fr\/wp-json\/wp\/v2\/types\/post"}],"author":[{"embeddable":true,"href":"https:\/\/viajandodo.com\/fr\/wp-json\/wp\/v2\/users\/1"}],"replies":[{"embeddable":true,"href":"https:\/\/viajandodo.com\/fr\/wp-json\/wp\/v2\/comments?post=38179"}],"version-history":[{"count":7,"href":"https:\/\/viajandodo.com\/fr\/wp-json\/wp\/v2\/posts\/38179\/revisions"}],"predecessor-version":[{"id":38199,"href":"https:\/\/viajandodo.com\/fr\/wp-json\/wp\/v2\/posts\/38179\/revisions\/38199"}],"wp:featuredmedia":[{"embeddable":true,"href":"https:\/\/viajandodo.com\/fr\/wp-json\/wp\/v2\/media\/38042"}],"wp:attachment":[{"href":"https:\/\/viajandodo.com\/fr\/wp-json\/wp\/v2\/media?parent=38179"}],"wp:term":[{"taxonomy":"category","embeddable":true,"href":"https:\/\/viajandodo.com\/fr\/wp-json\/wp\/v2\/categories?post=38179"},{"taxonomy":"post_tag","embeddable":true,"href":"https:\/\/viajandodo.com\/fr\/wp-json\/wp\/v2\/tags?post=38179"}],"curies":[{"name":"wp","href":"https:\/\/api.w.org\/{rel}","templated":true}]}}